{"id":199940,"date":"2022-06-06T18:01:17","date_gmt":"2022-06-06T21:01:17","guid":{"rendered":"https:\/\/diarioregionaldigital.com.br\/?p=199940"},"modified":"2022-06-06T18:01:17","modified_gmt":"2022-06-06T21:01:17","slug":"com-saldo-de-20-mil-vagas-em-abril-minas-ja-gerou-mais-de-78-mil-empregos-com-carteira-assinada-em-2022","status":"publish","type":"post","link":"https:\/\/diarioregionaldigital.com.br\/?p=199940","title":{"rendered":"Com saldo de 20 mil vagas em abril, Minas j\u00e1 gerou mais de 78 mil empregos com carteira assinada em 2022"},"content":{"rendered":"<p><main class=\"clear margin-md-bottom-3\"><\/p>\n<div class=\"clear \">\n<p>Minas Gerais mant\u00e9m, pelo terceiro m\u00eas consecutivo, saldo positivo na gera\u00e7\u00e3o de empregos formais. Segundo dados do Cadastro Geral de Empregados e Desempregados (Caged), do Minist\u00e9rio do Trabalho e Previd\u00eancia, em abril foram gerados 20.059 postos de trabalho com carteira assinada, resultado da contrata\u00e7\u00e3o de 203.232 trabalhadores e do desligamento de outros 183.173\u00a0\u00a0no m\u00eas.<\/p>\n<p>Desde o in\u00edcio da gest\u00e3o do governador Romeu Zema, Minas Gerais j\u00e1 registrou a cria\u00e7\u00e3o de 483.972 empregos com carteira assinada at\u00e9 abril, resultado da admiss\u00e3o de 6.555.572 trabalhadores e do desligamento de outros 6.071.600 no per\u00edodo. Depois de um saldo negativo de 1.056 vagas de empregos formais registrado em 2020, consequ\u00eancia da crise provocada pela pandemia de covid-19, o estado retomou a gera\u00e7\u00e3o de empregos formais no ano passado, quando houve saldo positivo de 308.865 vagas de emprego. No acumulado deste ano, Minas Gerais j\u00e1 criou 78.443 postos de trabalhos formais.<\/p>\n<p>No m\u00eas de abril deste ano, o estado ficou em terceiro lugar em saldo positivo na gera\u00e7\u00e3o de empregos formais, perdendo apenas para S\u00e3o Paulo e Rio de Janeiro, que registraram, respectivamente, a cria\u00e7\u00e3o de 53.818\u00a0\u00a0e 22.403 vagas de emprego no mesmo m\u00eas. O saldo no m\u00eas teve tamb\u00e9m 8.667 vagas a mais que o verificado em igual m\u00eas de 2021.<\/p>\n<p>Por setor de atividade econ\u00f4mica, todos os segmentos em Minas registraram desempenho positivo em abril. Servi\u00e7os liderou a gera\u00e7\u00e3o de empregos formais, com saldo de 11.446 postos com carteira assinada, seguido por ind\u00fastria (3.326), agropecu\u00e1ria (2.678), com\u00e9rcio (2.318) e constru\u00e7\u00e3o civil (291).<\/p>\n<p>De acordo com a diretora de Monitoramento e Articula\u00e7\u00e3o de Oportunidades de Trabalho da<a href=\"https:\/\/social.mg.gov.br\/\" target=\"_blank\" rel=\"noopener\">\u00a0Secretaria de Estado de Desenvolvimento Social (Sedese)<\/a>, Amanda Siqueira Carvalho, o terceiro resultado positivo na gera\u00e7\u00e3o de empregos formais no estado reafirma a tend\u00eancia de expans\u00e3o do mercado de trabalho. \u201cA cria\u00e7\u00e3o l\u00edquida de vagas de emprego, sobretudo nos setores de servi\u00e7os e ind\u00fastria, respons\u00e1veis desde janeiro pelos maiores saldos de empregos formais, traz perspectivas otimistas para a economia no restante do ano\u201d, avalia.<\/p>\n<p><strong>Painel do Sine\u00a0<\/strong><\/p>\n<p>Os trabalhadores que se encontram desempregados e est\u00e3o \u00e0 procura de uma oportunidade no mercado de trabalho contam, nesta segunda-feira (6\/6), com 9.633 vagas de emprego disponibilizadas nas 133 unidades do Sistema Nacional de Emprego (Sine), coordenadas em Minas pela Sedese. A consulta aos empregos dispon\u00edveis podem ser feitas\u00a0<a href=\"https:\/\/app.powerbi.com\/view?r=eyJrIjoiZWZjNWFmOWMtMTYwNS00ZDQ3LWFhOTgtMTU5YTQwZmE5ZTJiIiwidCI6ImMwZTY1MzllLThjZGUtNDZlNy1hOTc4LWI1YTNmZTlmMGMzOSJ9&amp;pageName=ReportSection\" target=\"_blank\" rel=\"noopener\">neste link<\/a>, do Painel de Informa\u00e7\u00f5es dos Sines. Do montante de postos de trabalho oferecidos, 293 s\u00e3o para pessoas com defici\u00eancia.<\/p>\n<p>As maiores ofertas de vagas s\u00e3o para servente de obras (968), alimentador de linha de produ\u00e7\u00e3o (766), motorista de caminh\u00e3o (603), pedreiro (598) e operador de telemarketing ativo e receptivo (457). No entanto, h\u00e1 tamb\u00e9m v\u00e1rias oportunidades de empregos para pessoas que possuem cursos superior.<\/p>\n<p>A consulta ao Painel de Informa\u00e7\u00f5es sobre o Sine\/MG foi disponibilizada pelo\u00a0<a href=\"https:\/\/www.mg.gov.br\/\" target=\"_blank\" rel=\"noopener\">Governo de Minas\u00a0<\/a>em fevereiro deste ano. Pela internet, o trabalhador pode ter acesso \u00e0s oportunidades dispon\u00edveis em todas as unidades do estado. H\u00e1 filtros por regi\u00e3o, munic\u00edpio, ocupa\u00e7\u00f5es e unidades.<\/p>\n<p><span style=\"font-weight: 400;\">Fonte: Ag\u00eancia Minas <\/span><\/p>\n<\/div>\n<p><\/main><\/p>\n","protected":false},"excerpt":{"rendered":"<p>Minas Gerais mant\u00e9m, pelo terceiro m\u00eas consecutivo, saldo positivo na gera\u00e7\u00e3o de empregos formais. Segundo dados do Cadastro Geral de Empregados e Desempregados (Caged), do Minist\u00e9rio do Trabalho e Previd\u00eancia, em abril foram gerados 20.059 postos de trabalho com carteira assinada, resultado da contrata\u00e7\u00e3o de 203.232 trabalhadores e do desligamento de outros 183.173\u00a0\u00a0no m\u00eas. Desde [&hellip;]<\/p>\n","protected":false},"author":246,"featured_media":199942,"comment_status":"closed","ping_status":"closed","sticky":false,"template":"","format":"standard","meta":{"footnotes":""},"categories":[436,254,439],"tags":[],"class_list":["post-199940","post","type-post","status-publish","format-standard","has-post-thumbnail","hentry","category-destaque-da-semana","category-politica","category-ultima-hora"],"_links":{"self":[{"href":"https:\/\/diarioregionaldigital.com.br\/index.php?rest_route=\/wp\/v2\/posts\/199940","targetHints":{"allow":["GET"]}}],"collection":[{"href":"https:\/\/diarioregionaldigital.com.br\/index.php?rest_route=\/wp\/v2\/posts"}],"about":[{"href":"https:\/\/diarioregionaldigital.com.br\/index.php?rest_route=\/wp\/v2\/types\/post"}],"author":[{"embeddable":true,"href":"https:\/\/diarioregionaldigital.com.br\/index.php?rest_route=\/wp\/v2\/users\/246"}],"replies":[{"embeddable":true,"href":"https:\/\/diarioregionaldigital.com.br\/index.php?rest_route=%2Fwp%2Fv2%2Fcomments&post=199940"}],"version-history":[{"count":2,"href":"https:\/\/diarioregionaldigital.com.br\/index.php?rest_route=\/wp\/v2\/posts\/199940\/revisions"}],"predecessor-version":[{"id":199944,"href":"https:\/\/diarioregionaldigital.com.br\/index.php?rest_route=\/wp\/v2\/posts\/199940\/revisions\/199944"}],"wp:featuredmedia":[{"embeddable":true,"href":"https:\/\/diarioregionaldigital.com.br\/index.php?rest_route=\/wp\/v2\/media\/199942"}],"wp:attachment":[{"href":"https:\/\/diarioregionaldigital.com.br\/index.php?rest_route=%2Fwp%2Fv2%2Fmedia&parent=199940"}],"wp:term":[{"taxonomy":"category","embeddable":true,"href":"https:\/\/diarioregionaldigital.com.br\/index.php?rest_route=%2Fwp%2Fv2%2Fcategories&post=199940"},{"taxonomy":"post_tag","embeddable":true,"href":"https:\/\/diarioregionaldigital.com.br\/index.php?rest_route=%2Fwp%2Fv2%2Ftags&post=199940"}],"curies":[{"name":"wp","href":"https:\/\/api.w.org\/{rel}","templated":true}]}}