{"id":199937,"date":"2022-06-06T17:59:57","date_gmt":"2022-06-06T20:59:57","guid":{"rendered":"https:\/\/diarioregionaldigital.com.br\/?p=199937"},"modified":"2022-06-06T17:59:57","modified_gmt":"2022-06-06T20:59:57","slug":"governo-reabre-espaco-referencia-em-reciclagem-na-semana-do-meio-ambiente","status":"publish","type":"post","link":"https:\/\/diarioregionaldigital.com.br\/?p=199937","title":{"rendered":"Governo reabre espa\u00e7o refer\u00eancia em reciclagem na Semana do Meio Ambiente"},"content":{"rendered":"<p>A agenda para a Semana do Meio Ambiente vai at\u00e9 a sexta-feira (10\/6) no estado (<a href=\"http:\/\/trilhasdosaber.meioambiente.mg.gov.br\/mod\/page\/view.php?id=11930\" target=\"_blank\" rel=\"noopener\">veja programa\u00e7\u00e3o<\/a>), com participa\u00e7\u00e3o das quatro casas do Sisema:<a href=\"http:\/\/www.meioambiente.mg.gov.br\/\" target=\"_blank\" rel=\"noopener\">\u00a0Secretaria de Estado de Meio Ambiente e Desenvolvimento Sustent\u00e1vel (Semad)<\/a>;\u00a0<a href=\"http:\/\/www.ief.mg.gov.br\/\" target=\"_blank\" rel=\"noopener\">Instituto Estadual de Florestas (IEF)<\/a>;\u00a0<a href=\"http:\/\/www.igam.mg.gov.br\/\" target=\"_blank\" rel=\"noopener\">Instituto Mineiro de Gest\u00e3o das \u00c1guas (Igam)<\/a>; e\u00a0<a href=\"http:\/\/www.feam.br\/\" target=\"_blank\" rel=\"noopener\">Funda\u00e7\u00e3o Estadual do Meio Ambiente (Feam)<\/a>. Durante o per\u00edodo, haver\u00e1 programa\u00e7\u00e3o on-line e presencial, com eventos t\u00e9cnicos de diversos setores, sobre temas espec\u00edficos da agenda ambiental no estado.<\/p>\n<p>Apesar do in\u00edcio no fim de semana, a abertura oficial foi nesta segunda-feira (6\/6), \u00e0s 11h, no Pal\u00e1cio Tiradentes, com a entrega de R$ 3,2 milh\u00f5es aos cons\u00f3rcios intermunicipais para gest\u00e3o de res\u00edduos s\u00f3lidos de 39 cidades mineiras, com a presen\u00e7a do governador Romeu Zema; a secret\u00e1ria de Estado de Meio Ambiente e Desenvolvimento Sustent\u00e1vel (Semad), Mar\u00edlia Melo; o ministro do Meio Ambiente,\u00a0Joaquim Leite e o\u00a0c\u00f4nsul do Reino Unido em Minas Gerais, Lucas Brown; entre outras autoridades.<\/p>\n<p>No fim de semana (5 e 6\/6), houve a\u00e7\u00f5es de castra\u00e7\u00e3o animal e atra\u00e7\u00f5es culturais, gratuitas e educativas a toda a popula\u00e7\u00e3o, em diversos pontos de Belo Horizonte. O destaque \u00e9 a reinaugura\u00e7\u00e3o do Centro Mineiro de Refer\u00eancia em Res\u00edduos Augusto Henrique Lio Horta (CMRR), que retoma atividades referentes \u00e0 gera\u00e7\u00e3o de renda em gest\u00e3o de res\u00edduos.<\/p>\n<p><strong>CMRR<\/strong><\/p>\n<p>O CMRR foi reinaugurado no s\u00e1bado (4\/5), \u00e0s v\u00e9speras do Dia Mundial do Meio Ambiente. \u201cHoje \u00e9 um dia especial, estamos retomando o Centro Mineiro que \u00e9 o carro-chefe para as pol\u00edticas p\u00fablicas de gera\u00e7\u00e3o de renda e trabalho ligados aos res\u00edduos\u201d, celebrou o subsecret\u00e1rio de Gest\u00e3o Ambiental e Saneamento da Semad, Rodrigo Franco.<\/p>\n<p>A revitaliza\u00e7\u00e3o come\u00e7ou em 2020 e, entre as melhorias feitas, destacam-se a reforma da rede el\u00e9trica, banheiros e reestrutura\u00e7\u00e3o das salas internas. A estrutura do telhado e a pintura no local foram refeitas. O espa\u00e7o, cujas atividades se encerraram em 2018, passou a ser gerido pela Secretaria de Estado de Meio Ambiente e Desenvolvimento Sustent\u00e1vel (Semad) a partir de 2019, com a reforma administrativa promovida pelo governador Romeu Zema, o que possibilitou as obras.<\/p>\n<p>O CMRR passa a levar o nome de Augusto Henrique Lio Horta, uma homenagem ao servidor de carreira da Funda\u00e7\u00e3o Estadual do Meio Ambiente (Feam), que faleceu no ano passado. Augusto tamb\u00e9m foi secret\u00e1rio-adjunto da Semad e teve seus feitos destacados durante o discurso do presidente da Feam, Renato Brand\u00e3o. \u201cO Estado tem hoje uma legisla\u00e7\u00e3o ambiental que \u00e9 refer\u00eancia nacional, sendo que parte dessa refer\u00eancia e de tudo o que foi discutido passou pelas m\u00e3os do Augusto\u201d, lembrou Renato.<\/p>\n<p>O local visa promover a articula\u00e7\u00e3o entre os setores p\u00fablico, privado, terceiro setor, comunidade acad\u00eamica e sociedade civil na busca por alternativas de transformar res\u00edduos em oportunidades de trabalho, renda e preserva\u00e7\u00e3o dos recursos naturais. A reinaugura\u00e7\u00e3o tamb\u00e9m contou com a apresenta\u00e7\u00e3o da banda de forr\u00f3 Chama Chuva e da pe\u00e7a teatral &#8220;Nem Tudo que H\u00e1 no Lixo, N\u00e3o \u00e9 Lixo, N\u00e3o&#8221;.<\/p>\n<p><strong>Cuidado com animais<\/strong><\/p>\n<p>Durante o fim de semana, tamb\u00e9m no CMRR, houve castra\u00e7\u00e3o gratuita de c\u00e3es e gatos, pelo Programa de Esteriliza\u00e7\u00e3o de Animais Dom\u00e9sticos, da Semad. A a\u00e7\u00e3o \u00e9 fruto de um conv\u00eanio firmado entre a Semad e a Organiza\u00e7\u00e3o N\u00e3o-Governamental (ONG) Ajuda, via emenda parlamentar. A organiza\u00e7\u00e3o, como marca\u00e7\u00e3o de procedimentos, est\u00e1 sendo feita pela ONG Moradores De Rua e Seus C\u00e3es (ONG MRSC).<\/p>\n<p>A expectativa de atendimento \u00e9 de 500 animais at\u00e9 a pr\u00f3xima quarta-feira (8\/6), quando se encerra o mutir\u00e3o. \u201cNosso foco nesse evento s\u00e3o c\u00e3es e gatos de protetores, de pessoas de baixa renda e de pequenas ONGs\u201d, explicou Larissa Miranda, coordenadora da ONG MRSC, que ficou respons\u00e1vel pelo cadastro dos interessados pelos servi\u00e7os e tamb\u00e9m disponibilizou veterin\u00e1rios para atendimentos em animais que n\u00e3o estavam passando pela castra\u00e7\u00e3o, al\u00e9m de estudantes universit\u00e1rios e profissionais da Bioclin, para testes r\u00e1pidos para cinomose e leishmaniose.<br \/>\n\u201cEstou impressionado com a organiza\u00e7\u00e3o e trabalho feito aqui. A a\u00e7\u00e3o de Minas \u00e9 exemplo para outros estados brasileiros\u201d, comentou o presidente da MRSC, Edu Leporo, que veio de S\u00e3o Paulo para o mutir\u00e3o.<\/p>\n<p>A ONG Ajuda, parceira da Semad, \u00e9 respons\u00e1vel pelo procedimento de castra\u00e7\u00e3o e, conforme a coordenadora, Rosa Souza, conta com profissionais capacitados para o servi\u00e7o. \u201cEsse projeto da Semad \u00e9 important\u00edssimo para qualidade de vida dos animais e controle \u00e9tico populacional de zoonoses\u201d, avaliou.<\/p>\n<p><strong>Repercuss\u00e3o<\/strong><\/p>\n<p>No domingo (5\/6), Elizabeth Amarante saiu de Contagem, na Grande BH, para castrar c\u00e3es e gatos no CMRR. Ela resgata animais de rua e se sente emocionada com projetos como esse da Semad. \u201cFico sem palavras para expressar minha gratid\u00e3o por esse servi\u00e7o. \u00c9 qualidade de vida para os nossos bichos\u201d, comentou.<\/p>\n<p>No s\u00e1bado, quem aproveitou a oportunidade foi a pedagoga Elis\u00e2ngela Cardoso, que levou o c\u00e3o Francisco para uma consulta. Elis\u00e2ngela, que resgata animais de rua, j\u00e1 havia levado uma cadela para castrar no mutir\u00e3o do CMRR, uma vez que Francisco j\u00e1 havia passado pelo procedimento em outra oportunidade. Ela lamentou a conduta de uma parcela da sociedade que abandona animais. \u201cAs pessoas pegam os animais e, ao inv\u00e9s de cuidar, veem que o custo est\u00e1 alto e colocam na rua\u201d.<\/p>\n<p><strong>Educa\u00e7\u00e3o ambiental\u00a0<\/strong><\/p>\n<p>Outro destaque do fim de semana no CMRR foi a apresenta\u00e7\u00e3o de desenhos relacionados ao meio ambiente produzidos por alunos participantes do Programa \u201cJovens Mineiros Sustent\u00e1veis\u201d. A iniciativa re\u00fane um conjunto de atividades de educa\u00e7\u00e3o ambiental e humanit\u00e1ria desenvolvido pela Semad, por meio da Diretoria de Educa\u00e7\u00e3o Ambiental e Rela\u00e7\u00f5es Institucionais (Deari), e visa capacitar educadores, com a disponibiliza\u00e7\u00e3o de curso EAD, al\u00e9m de fornecer, aos alunos, atividades pr\u00e1ticas sobre o tema.<\/p>\n<p>Ao todo, foram expostos 312 desenhos de alunos de todas as regi\u00f5es do estado. Ricardo Cottini, analista da Diretoria de Educa\u00e7\u00e3o Ambiental e Rela\u00e7\u00f5es Institucionais da Semad, destacou a capilaridade do programa, que envolve a participa\u00e7\u00e3o de 240 escolas, englobando 5 mil alunos e 200 professores.<\/p>\n<p>\u201cOs professores participantes e os alunos est\u00e3o integrados, trabalhando de forma conjunta na escola. A vis\u00e3o que se passa para essa futura gera\u00e7\u00e3o \u00e9 uma vis\u00e3o global, que aborda floresta, solo, \u00e1gua, ar e \u00a0homem, como n\u00f3s estamos fazendo a nossa parte para que tudo isso continue a existir\u201d, disse Cottini.<\/p>\n<p>J\u00e1 a Companhia Energ\u00e9tica de Minas Gerais (Cemig), em parceria com a Semad, exp\u00f4s no CMRR o Circuito Tecnol\u00f3gico de Efici\u00eancia Energ\u00e9tica. A a\u00e7\u00e3o busca disseminar medidas e orientar sobre h\u00e1bitos que reduzam o desperd\u00edcio de energia el\u00e9trica, por meio da conscientiza\u00e7\u00e3o de jovens e adultos por meio de palestras e da visita\u00e7\u00e3o ao circuito tecnol\u00f3gico de efici\u00eancia energ\u00e9tica (tenda e unidade m\u00f3vel).<\/p>\n<p><strong>Log\u00edstica reversa \u00a0<\/strong><\/p>\n<p>Em parceria com a Feam, a Green Eletron tamb\u00e9m inaugurou no CMRR um ponto de descarte de itens eletro eletr\u00f4nicos como notebooks, televisores e monitores. A a\u00e7\u00e3o faz parte da campanha &#8220;Descarte Consciente&#8221;, que vai at\u00e9 a pr\u00f3xima quarta-feira (8\/6).<br \/>\nNo entanto, o ponto de descarte no CMRR ser\u00e1 permanente, assim como o que est\u00e1 localizado na Cidade Administrativa de Minas Gerais (CAMG). \u201cEsperamos que, em breve, coloquemos v\u00e1rios outros coletores aqui em Minas Gerais. Vamos fazer todos os esfor\u00e7os para isso\u201d, frisou Alexandre Magno, representante da Green Eletron.<\/p>\n<p>As comemora\u00e7\u00f5es do Dia Mundial do Meio Ambiente tamb\u00e9m contaram com atividades realizadas no Pal\u00e1cio da Liberdade, em Belo Horizonte. Al\u00e9m de visitas guiadas aos jardins da casa, foi apresentada a pe\u00e7a \u201cO Monstro do Lixo\u201d, que trata de conhecimento da natureza e da import\u00e2ncia da preserva\u00e7\u00e3o ambiental.<\/p>\n<p>A programa\u00e7\u00e3o completa pode ser acessada por meio\u00a0<a href=\"http:\/\/trilhasdosaber.meioambiente.mg.gov.br\/mod\/page\/view.php?id=11930\">deste link<\/a>.<\/p>\n<p><span style=\"font-weight: 400;\">Fonte: Ag\u00eancia Minas <\/span><\/p>\n","protected":false},"excerpt":{"rendered":"<p>A agenda para a Semana do Meio Ambiente vai at\u00e9 a sexta-feira (10\/6) no estado (veja programa\u00e7\u00e3o), com participa\u00e7\u00e3o das quatro casas do Sisema:\u00a0Secretaria de Estado de Meio Ambiente e Desenvolvimento Sustent\u00e1vel (Semad);\u00a0Instituto Estadual de Florestas (IEF);\u00a0Instituto Mineiro de Gest\u00e3o das \u00c1guas (Igam); e\u00a0Funda\u00e7\u00e3o Estadual do Meio Ambiente (Feam). Durante o per\u00edodo, haver\u00e1 programa\u00e7\u00e3o on-line [&hellip;]<\/p>\n","protected":false},"author":246,"featured_media":199938,"comment_status":"closed","ping_status":"closed","sticky":false,"template":"","format":"standard","meta":{"footnotes":""},"categories":[436,254,439],"tags":[],"class_list":["post-199937","post","type-post","status-publish","format-standard","has-post-thumbnail","hentry","category-destaque-da-semana","category-politica","category-ultima-hora"],"_links":{"self":[{"href":"https:\/\/diarioregionaldigital.com.br\/index.php?rest_route=\/wp\/v2\/posts\/199937","targetHints":{"allow":["GET"]}}],"collection":[{"href":"https:\/\/diarioregionaldigital.com.br\/index.php?rest_route=\/wp\/v2\/posts"}],"about":[{"href":"https:\/\/diarioregionaldigital.com.br\/index.php?rest_route=\/wp\/v2\/types\/post"}],"author":[{"embeddable":true,"href":"https:\/\/diarioregionaldigital.com.br\/index.php?rest_route=\/wp\/v2\/users\/246"}],"replies":[{"embeddable":true,"href":"https:\/\/diarioregionaldigital.com.br\/index.php?rest_route=%2Fwp%2Fv2%2Fcomments&post=199937"}],"version-history":[{"count":2,"href":"https:\/\/diarioregionaldigital.com.br\/index.php?rest_route=\/wp\/v2\/posts\/199937\/revisions"}],"predecessor-version":[{"id":199941,"href":"https:\/\/diarioregionaldigital.com.br\/index.php?rest_route=\/wp\/v2\/posts\/199937\/revisions\/199941"}],"wp:featuredmedia":[{"embeddable":true,"href":"https:\/\/diarioregionaldigital.com.br\/index.php?rest_route=\/wp\/v2\/media\/199938"}],"wp:attachment":[{"href":"https:\/\/diarioregionaldigital.com.br\/index.php?rest_route=%2Fwp%2Fv2%2Fmedia&parent=199937"}],"wp:term":[{"taxonomy":"category","embeddable":true,"href":"https:\/\/diarioregionaldigital.com.br\/index.php?rest_route=%2Fwp%2Fv2%2Fcategories&post=199937"},{"taxonomy":"post_tag","embeddable":true,"href":"https:\/\/diarioregionaldigital.com.br\/index.php?rest_route=%2Fwp%2Fv2%2Ftags&post=199937"}],"curies":[{"name":"wp","href":"https:\/\/api.w.org\/{rel}","templated":true}]}}