{"id":199934,"date":"2022-06-06T17:57:08","date_gmt":"2022-06-06T20:57:08","guid":{"rendered":"https:\/\/diarioregionaldigital.com.br\/?p=199934"},"modified":"2022-06-06T17:57:08","modified_gmt":"2022-06-06T20:57:08","slug":"cidades-mineiras-receberao-mais-de-r-100-milhoes-para-a-tratamento-adequado-de-residuos-solidos-e-encerramento-de-lixoes","status":"publish","type":"post","link":"https:\/\/diarioregionaldigital.com.br\/?p=199934","title":{"rendered":"Cidades mineiras receber\u00e3o mais de R$ 100 milh\u00f5es para a tratamento adequado de res\u00edduos s\u00f3lidos e encerramento de lix\u00f5es"},"content":{"rendered":"<p>O\u00a0<a href=\"http:\/\/www.mg.gov.br\/\" target=\"_blank\" rel=\"noopener\">Governo de Minas<\/a>\u00a0vai repassar, por meio da\u00a0<a href=\"http:\/\/www.meioambiente.mg.gov.br\/\" target=\"_blank\" rel=\"noopener\">Secretaria de Estado de Meio Ambiente e Desenvolvimento Sustent\u00e1vel (Semad)<\/a>, o valor de R$ 3,2 milh\u00f5es para quatro cons\u00f3rcios intermunicipais para gest\u00e3o de res\u00edduos s\u00f3lidos, que contemplam 39 cidades mineiras. O objetivo do recurso \u00e9 fomentar e fortalecer a destina\u00e7\u00e3o e o tratamento adequado de res\u00edduos s\u00f3lidos no estado.<\/p>\n<p>Al\u00e9m disso, por meio de parceria com o Minist\u00e9rio do Meio Ambiente (MMA), outros R$ 98,4 milh\u00f5es oriundos do termo de compensa\u00e7\u00e3o com a mineradora Vale ser\u00e3o destinados a outros projetos, que atendem 105 munic\u00edpios. Ser\u00e3o instaladas nove usinas de triagem mecanizadas, equipamentos que promovem a separa\u00e7\u00e3o dos materiais recicl\u00e1veis e sua correta destina\u00e7\u00e3o, prezando pela inclus\u00e3o socioprodutiva de catadores no processo.<\/p>\n<p>O investimento vai beneficiar 1,7 milh\u00e3o de mineiros, al\u00e9m de possibilitar o processamento de 683,28 mil toneladas de lixo por ano, recuperando, por meio de reciclagem, compostagem e recupera\u00e7\u00e3o energ\u00e9tica, cerca de 478,2 mil toneladas\/ano. Desde o in\u00edcio da atual gest\u00e3o, o n\u00famero de lix\u00f5es em Minas foi reduzido de 360 para 309. Com a implanta\u00e7\u00e3o do projeto, a expectativa \u00e9 encerrar mais 76 lix\u00f5es, sendo o maior encerramento simult\u00e2neo de lix\u00f5es na hist\u00f3ria de Minas Gerais.<\/p>\n<p>Os an\u00fancios foram feitos na solenidade oficial de abertura da Semana do Meio Ambiente, nesta segunda-feira (6\/6), no Edif\u00edcio Tiradentes, em Belo Horizonte. O evento contou com a participa\u00e7\u00e3o do governador Romeu Zema, da secret\u00e1ria de Estado de Meio Ambiente e Desenvolvimento Sustent\u00e1vel (Semad), Mar\u00edlia Melo, do ministro do Meio Ambiente, Joaquim Leite, al\u00e9m do c\u00f4nsul\u00a0do Reino Unido em Minas Gerais, Lucas Brown, e outras autoridades.<\/p>\n<p>O governador destacou que a a\u00e7\u00e3o fortalece o desenvolvimento sustent\u00e1vel. \u201cCom essa a\u00e7\u00e3o, vamos completar o ciclo completo da economia &#8211; redu\u00e7\u00e3o, reutiliza\u00e7\u00e3o, recupera\u00e7\u00e3o e reciclagem &#8211; que \u00e9 o que de fato precisa ser feito. Precisamos entender que estamos em um planeta que dificilmente vai se sustentar caso n\u00e3o haja mais a\u00e7\u00f5es desta natureza\u201d, disse o governador.<\/p>\n<p><strong>Investimento em equipamentos<\/strong><\/p>\n<p>O valor de R$ 3,2 milh\u00f5es vai beneficiar os seguintes cons\u00f3rcios: Cons\u00f3rcio P\u00fablico Multifinalit\u00e1rio do Alto Rio Pardo (Comar), Cons\u00f3rcio Intermunicipal Multifinalit\u00e1rio do Baixo Jequitinhonha (Cimbaje), o Cons\u00f3rcio Intermunicipal de Desenvolvimento Sustent\u00e1vel do Tri\u00e2ngulo Mineiro e Alto Parana\u00edba (Cides) e Cons\u00f3rcio Intermunicipal P\u00fablico para Gest\u00e3o Integrada dos Res\u00edduos S\u00f3lidos (Cigres).<\/p>\n<p>Os recursos repassados pela Semad ser\u00e3o utilizados para aquisi\u00e7\u00e3o de equipamentos para coleta seletiva, sendo 3 caminh\u00f5es ba\u00fa, 2 caminh\u00f5es gaiola, 1 caminh\u00e3o carroceria, 1 ve\u00edculo tipo pick-up, 100 armazenadores seletivos (lixeiras), 23 prensas enfardadeiras, 22 esteiras e 26 balan\u00e7as eletr\u00f4nicas. Os equipamentos ser\u00e3o importantes para o fortalecimento das a\u00e7\u00f5es de coleta seletiva nas regi\u00f5es contempladas, em atendimento ao que preconiza a Pol\u00edtica Nacional de Res\u00edduos S\u00f3lidos.<\/p>\n<p><strong>Redu\u00e7\u00e3o de lix\u00f5es<\/strong><\/p>\n<p>J\u00e1 o valor de R$ 98,4 milh\u00f5es, anunciado em parceria com o MMA, \u00e9 fruto de multas ambientais aplicadas em rela\u00e7\u00e3o ao desastre da mineradora Vale, em Brumadinho. Ao todo, s\u00e3o sete cons\u00f3rcios contemplados, que v\u00e3o implantar nove usinas de triagem mecanizadas em Minas, estruturas que t\u00eam a capacidade de recuperar at\u00e9 70% dos res\u00edduos s\u00f3lidos, gerando receita e cr\u00e9ditos de reciclagem para os cons\u00f3rcios e agentes de reciclagem. Os contemplados s\u00e3o:<\/p>\n<blockquote><p><sub>1) Cons\u00f3rcio Multifinalit\u00e1rio Intermunicipal de Desenvolvimento Sustent\u00e1vel da Microrregi\u00e3o da Serra Geral de Minas (UNI\u00c3O DA SERRA GERAL): Projeto para Jana\u00faba;<\/sub><\/p>\n<p><sub>2) Cons\u00f3rcio Intermunicipal Multissetorial do Vale do Piranga (CIMVALPI): Projeto para Ponte Nova;<\/sub><\/p>\n<p><sub>3) Cons\u00f3rcio Regional de Saneamento B\u00e1sico Central de Minas (CORESAB): Projeto para Felixl\u00e2ndia;<\/sub><\/p>\n<p><sub>4) Cons\u00f3rcio Intermunicipal para o Desenvolvimento Ambiental Sustent\u00e1vel do Norte de Minas (CODANORTE): Projetos para Janu\u00e1ria; Buritizeiro; e para Icara\u00ed de Minas.<\/sub><\/p>\n<p><sub>5) Cons\u00f3rcio Intermunicipal Multifinalit\u00e1rio do M\u00e9dio Espinha\u00e7o (CIMME): Projeto para Concei\u00e7\u00e3o do Mato Dentro;<\/sub><\/p>\n<p><sub>6) Cons\u00f3rcio Intermunicipal de Gest\u00e3o de Res\u00edduos S\u00f3lidos (CIGRES): Projeto para Machacalis;<\/sub><\/p>\n<p><sub>7) Consorcio P\u00fablico Intermunicipal De Desenvolvimento Sustent\u00e1vel Do Alto Parana\u00edba (CISPAR): Projeto para Patos de Minas;<\/sub><\/p><\/blockquote>\n<p>O ministro do Meio Ambiente, Joaquim Leite, disse que o investimento vai gerar desenvolvimento para as regi\u00f5es contempladas. \u201cEsse ato \u00e9 importante para mostrar a todos que \u00e9 poss\u00edvel fazer pol\u00edtica ambiental de forma racional, al\u00e9m de transformar uma multa ambiental em uma a\u00e7\u00e3o real. Esse \u00e9 o grande desafio que t\u00ednhamos aqui. E conseguimos criar nove usinas de triagem modernas, h\u00edbridas e modernizadas. Vamos gerar empregos verdes na regi\u00e3o e nos munic\u00edpios que, a partir de agora, v\u00e3o fechar lix\u00f5es a c\u00e9u aberto e v\u00e3o iniciar o crescimento econ\u00f4mico verde\u201d, disse o ministro.<\/p>\n<p><strong>Semana do Meio Ambiente<\/strong><\/p>\n<p>Consolidado na agenda ambiental como o evento mais importante para Minas Gerais na \u00e1rea, a Semana do Meio Ambiente \u00e9 organizada pela\u00a0<a href=\"http:\/\/www.feam.br\/\" target=\"_blank\" rel=\"noopener\">Funda\u00e7\u00e3o Estadual do Meio Ambiente (Feam)<\/a>, em conjunto com os demais \u00f3rg\u00e3os do Sistema Estadual de Meio Ambiente e Recursos H\u00eddricos (Sisema), e refor\u00e7a o compromisso do Governo de Minas com a conscientiza\u00e7\u00e3o e preserva\u00e7\u00e3o ambiental. O tema de 2022 \u00e9 uma refer\u00eancia \u00e0 campanha global RaceTo Zero, \u00e0 qual o Estado aderiu em 2021, com o objetivo de alcan\u00e7ar a neutralidade de emiss\u00f5es l\u00edquidas de gases de efeito estuda at\u00e9 2050.<\/p>\n<p>\u201cIniciamos, oficialmente, a Semana do Meio Ambiente 2022 com agenda ambiental focada na pol\u00edtica de res\u00edduos s\u00f3lidos. Estamos formalizando o repasse estadual de R$ 3,2 milh\u00f5es a cons\u00f3rcios p\u00fablicos intermunicipais para melhorias na gest\u00e3o de coleta seletiva, e assinando, com o governo federal, o repasse de R$ 98 milh\u00f5es a sete cons\u00f3rcios p\u00fablicos para cria\u00e7\u00e3o de usinas de triagem. As a\u00e7\u00f5es refor\u00e7am a pol\u00edtica de res\u00edduos em Minas, cumprindo com o que prev\u00ea o Novo Marco de Saneamento B\u00e1sico, ajudando munic\u00edpios a reduzir a quantidade de lixo e aumentando a vida \u00fatil dos aterros sanit\u00e1rios\u201d, disse a secret\u00e1ria de Estado de Meio Ambiente e Desenvolvimento Sustent\u00e1vel, Mar\u00edlia Melo.<\/p>\n<p>As atividades comemorativas come\u00e7aram \u00e0s 9h do s\u00e1bado (4\/6) com a reinaugura\u00e7\u00e3o do Centro Mineiro de Refer\u00eancia em Res\u00edduos Augusto Henrique Lio Horta (CMRR), no Bairro Pompeia, onde haver\u00e1 ainda o lan\u00e7amento da Campanha Descarte Consciente e o 1\u00ba Mutir\u00e3o de Castra\u00e7\u00e3o Animal do CMRR, com previs\u00e3o de atender 500 c\u00e3es e gatos at\u00e9 a quarta-feira (8\/6).<\/p>\n<p>Tamb\u00e9m no CMRR, acontece uma exposi\u00e7\u00e3o de desenhos de alunos do Programa de Educa\u00e7\u00e3o Ambiental da Semad Jovens Mineiros Sustent\u00e1veis e o Circuito Tecnol\u00f3gico de Efici\u00eancia Energ\u00e9tica \u2013 \u00a0projeto que integra o Programa de Efici\u00eancia Energ\u00e9tica da Cemig. Trata-se de um percurso educacional interativo para disseminar a\u00e7\u00f5es e orientar o p\u00fablico sobre h\u00e1bitos que reduzam o desperd\u00edcio de energia el\u00e9trica.<\/p>\n<p>No domingo (5\/6), quando se comemora oficialmente o Dia Mundial do Meio Ambiente, foram realizadas visitas guiadas nos Jardins do Pal\u00e1cio da Liberdade, onde tamb\u00e9m foi apresentado, em parceria entre Sistema Estadual de Meio Ambiente e Recursos H\u00eddricos (Sisema) e a\u00a0<a href=\"http:\/\/www.copasa.com.br\/\" target=\"_blank\" rel=\"noopener\">Companhia de Saneamento de Minas Gerais (Copasa)<\/a>, o espet\u00e1culo teatral O Monstro do Lixo, da Cia Candongas, sobre o manejo sustent\u00e1vel do lixo, consumo consciente e a import\u00e2ncia da \u00e1gua.<\/p>\n<p><strong>Audi\u00eancia p\u00fablica<\/strong><\/p>\n<p>Durante toda a semana, haver\u00e1 programa\u00e7\u00e3o on-line e presencial, com eventos t\u00e9cnicos de diversos setores, sobre temas espec\u00edficos da agenda ambiental no estado. Al\u00e9m disso, haver\u00e1, na quinta-feira (9\/6) a\u00e7\u00f5es voltadas para os servidores da Cidade Administrativa, como plantio de mudas e atra\u00e7\u00f5es culturais.<\/p>\n<p>Na quarta-feira (8\/6), \u00e0s 9h, acontece a audi\u00eancia p\u00fablica referente ao papel da sociedade civil na constru\u00e7\u00e3o de pol\u00edticas p\u00fablicas de enfrentamento \u00e0 crise clim\u00e1tica.\u00a0 Mediado pelo deputado Noraldino J\u00fanior, o evento ocorre na Assembleia Legislativa de Minas Gerais (ALMG), com transmiss\u00e3o ao vivo pelo Youtubeda ALMG. Estar\u00e3o presentes, como convidados, a secret\u00e1ria Mar\u00edlia Melo, o professor Raoni Raj\u00e3o da Universidade Federal de Minas Gerais (UFMG), e o secret\u00e1rio executivo do ICLEI Am\u00e9rica do Sul, Rodrigo P\u00e9rpetuo.<\/p>\n<p>J\u00e1 na sexta-feira (10\/6), no audit\u00f3rio do Parque Estadual do Rola-Mo\u00e7a, haver\u00e1 palestras sobre o Programa de Regulariza\u00e7\u00e3o Ambiental (PRA), encerrando a Semana do Meio Ambiente.<\/p>\n<p><span style=\"font-weight: 400;\">Fonte: Ag\u00eancia Minas <\/span><\/p>\n","protected":false},"excerpt":{"rendered":"<p>O\u00a0Governo de Minas\u00a0vai repassar, por meio da\u00a0Secretaria de Estado de Meio Ambiente e Desenvolvimento Sustent\u00e1vel (Semad), o valor de R$ 3,2 milh\u00f5es para quatro cons\u00f3rcios intermunicipais para gest\u00e3o de res\u00edduos s\u00f3lidos, que contemplam 39 cidades mineiras. O objetivo do recurso \u00e9 fomentar e fortalecer a destina\u00e7\u00e3o e o tratamento adequado de res\u00edduos s\u00f3lidos no estado. [&hellip;]<\/p>\n","protected":false},"author":246,"featured_media":199935,"comment_status":"closed","ping_status":"closed","sticky":false,"template":"","format":"standard","meta":{"footnotes":""},"categories":[436,440,254,439],"tags":[],"class_list":["post-199934","post","type-post","status-publish","format-standard","has-post-thumbnail","hentry","category-destaque-da-semana","category-destaques-do-dia","category-politica","category-ultima-hora"],"_links":{"self":[{"href":"https:\/\/diarioregionaldigital.com.br\/index.php?rest_route=\/wp\/v2\/posts\/199934","targetHints":{"allow":["GET"]}}],"collection":[{"href":"https:\/\/diarioregionaldigital.com.br\/index.php?rest_route=\/wp\/v2\/posts"}],"about":[{"href":"https:\/\/diarioregionaldigital.com.br\/index.php?rest_route=\/wp\/v2\/types\/post"}],"author":[{"embeddable":true,"href":"https:\/\/diarioregionaldigital.com.br\/index.php?rest_route=\/wp\/v2\/users\/246"}],"replies":[{"embeddable":true,"href":"https:\/\/diarioregionaldigital.com.br\/index.php?rest_route=%2Fwp%2Fv2%2Fcomments&post=199934"}],"version-history":[{"count":1,"href":"https:\/\/diarioregionaldigital.com.br\/index.php?rest_route=\/wp\/v2\/posts\/199934\/revisions"}],"predecessor-version":[{"id":199936,"href":"https:\/\/diarioregionaldigital.com.br\/index.php?rest_route=\/wp\/v2\/posts\/199934\/revisions\/199936"}],"wp:featuredmedia":[{"embeddable":true,"href":"https:\/\/diarioregionaldigital.com.br\/index.php?rest_route=\/wp\/v2\/media\/199935"}],"wp:attachment":[{"href":"https:\/\/diarioregionaldigital.com.br\/index.php?rest_route=%2Fwp%2Fv2%2Fmedia&parent=199934"}],"wp:term":[{"taxonomy":"category","embeddable":true,"href":"https:\/\/diarioregionaldigital.com.br\/index.php?rest_route=%2Fwp%2Fv2%2Fcategories&post=199934"},{"taxonomy":"post_tag","embeddable":true,"href":"https:\/\/diarioregionaldigital.com.br\/index.php?rest_route=%2Fwp%2Fv2%2Ftags&post=199934"}],"curies":[{"name":"wp","href":"https:\/\/api.w.org\/{rel}","templated":true}]}}