{"id":199931,"date":"2022-06-06T17:48:51","date_gmt":"2022-06-06T20:48:51","guid":{"rendered":"https:\/\/diarioregionaldigital.com.br\/?p=199931"},"modified":"2022-06-06T17:48:51","modified_gmt":"2022-06-06T20:48:51","slug":"anac-publica-minuta-do-edital-da-7a-rodada-de-concessao-de-aeroportos","status":"publish","type":"post","link":"https:\/\/diarioregionaldigital.com.br\/?p=199931","title":{"rendered":"Anac publica minuta do edital da 7\u00aa rodada de concess\u00e3o de aeroportos"},"content":{"rendered":"<p>A Ag\u00eancia Nacional de Avia\u00e7\u00e3o Civil (Anac) aprovou hoje (6) as minutas do edital e dos contratos da 7\u00aa rodada de concess\u00e3o de aeroportos. Ser\u00e3o leiloados em blocos 15 aeroportos nas regi\u00f5es Norte, Sudeste e Centro-Oeste. A previs\u00e3o \u00e9 que o leil\u00e3o ocorra no dia 18 de agosto.<img decoding=\"async\" src=\"https:\/\/agenciabrasil.ebc.com.br\/ebc.png?id=1463947&amp;o=node\" \/><img decoding=\"async\" src=\"https:\/\/agenciabrasil.ebc.com.br\/ebc.gif?id=1463947&amp;o=node\" \/><\/p>\n<p>Entre os terminais que ser\u00e3o leiloados est\u00e1 o Aeroporto de Congonhas, que lidera o bloco SP-MS-PA-MG. O bloco inclui ainda os aeroportos de Campo Grande, Corumb\u00e1 e Ponta Por\u00e3, em Mato Grosso do Sul; Santar\u00e9m, Marab\u00e1, Parauapebas e Altamira, no Par\u00e1; Uberl\u00e2ndia, Uberaba e Montes Claros, em Minas Gerais. O lance inicial m\u00ednimo \u00e9 de R$ 740,1 milh\u00f5es. O valor estimado para todo o contrato \u00e9 de R$ 11,6 bilh\u00f5es.<\/p>\n<p>Al\u00e9m do Bloco SP-MS-PA-MG, ser\u00e3o leiloados os blocos Avia\u00e7\u00e3o Geral, formado pelos aeroportos Campo de Marte, em S\u00e3o Paulo e Jacarepagu\u00e1, no Rio de Janeiro. A contribui\u00e7\u00e3o inicial m\u00ednima \u00e9 de R$ 141,4 milh\u00f5es. O valor estimado para todo o contrato \u00e9 de R$ 1,7 bilh\u00e3o.<\/p>\n<p>J\u00e1 o bloco Norte II \u00e9 integrado pelos aeroportos de Bel\u00e9m e Macap\u00e1. O lance inicial m\u00ednimo \u00e9 de R$ 56,9 milh\u00f5es. O valor estimado para todo o contrato \u00e9 de R$ 1,9 bilh\u00e3o.<\/p>\n<p>Segundo a Anac, o modelo de concess\u00e3o ter\u00e1 regula\u00e7\u00e3o flex\u00edvel, compat\u00edvel e proporcional ao porte de cada aeroporto em rela\u00e7\u00e3o a tarifa. Al\u00e9m disso, um mesmo proponente poder\u00e1 arrematar os tr\u00eas blocos.<\/p>\n<p>&#8220;O requisito m\u00ednimo de habilita\u00e7\u00e3o t\u00e9cnica do operador aeroportu\u00e1rio ser\u00e1 a comprova\u00e7\u00e3o de experi\u00eancia de processamento, em pelo menos um dos \u00faltimos cinco anos, de um milh\u00e3o de passageiros para o Bloco Norte II e cinco milh\u00f5es de passageiros para os blocos SP-MS-PA-MG. No caso do Bloco Avia\u00e7\u00e3o Geral, o processamento de passageiros dever\u00e1 ser de no m\u00ednimo 200 mil passageiros ou, alternativamente, 17 mil movimentos de aeronaves (pousos e decolagens)&#8221;, informou a Anac.<\/p>\n<p><span style=\"font-weight: 400;\">Fonte: Ag\u00eancia Brasil <\/span><\/p>\n","protected":false},"excerpt":{"rendered":"<p>A Ag\u00eancia Nacional de Avia\u00e7\u00e3o Civil (Anac) aprovou hoje (6) as minutas do edital e dos contratos da 7\u00aa rodada de concess\u00e3o de aeroportos. Ser\u00e3o leiloados em blocos 15 aeroportos nas regi\u00f5es Norte, Sudeste e Centro-Oeste. A previs\u00e3o \u00e9 que o leil\u00e3o ocorra no dia 18 de agosto. Entre os terminais que ser\u00e3o leiloados est\u00e1 [&hellip;]<\/p>\n","protected":false},"author":246,"featured_media":199932,"comment_status":"closed","ping_status":"closed","sticky":false,"template":"","format":"standard","meta":{"footnotes":""},"categories":[436,261,439],"tags":[],"class_list":["post-199931","post","type-post","status-publish","format-standard","has-post-thumbnail","hentry","category-destaque-da-semana","category-economia","category-ultima-hora"],"_links":{"self":[{"href":"https:\/\/diarioregionaldigital.com.br\/index.php?rest_route=\/wp\/v2\/posts\/199931","targetHints":{"allow":["GET"]}}],"collection":[{"href":"https:\/\/diarioregionaldigital.com.br\/index.php?rest_route=\/wp\/v2\/posts"}],"about":[{"href":"https:\/\/diarioregionaldigital.com.br\/index.php?rest_route=\/wp\/v2\/types\/post"}],"author":[{"embeddable":true,"href":"https:\/\/diarioregionaldigital.com.br\/index.php?rest_route=\/wp\/v2\/users\/246"}],"replies":[{"embeddable":true,"href":"https:\/\/diarioregionaldigital.com.br\/index.php?rest_route=%2Fwp%2Fv2%2Fcomments&post=199931"}],"version-history":[{"count":1,"href":"https:\/\/diarioregionaldigital.com.br\/index.php?rest_route=\/wp\/v2\/posts\/199931\/revisions"}],"predecessor-version":[{"id":199933,"href":"https:\/\/diarioregionaldigital.com.br\/index.php?rest_route=\/wp\/v2\/posts\/199931\/revisions\/199933"}],"wp:featuredmedia":[{"embeddable":true,"href":"https:\/\/diarioregionaldigital.com.br\/index.php?rest_route=\/wp\/v2\/media\/199932"}],"wp:attachment":[{"href":"https:\/\/diarioregionaldigital.com.br\/index.php?rest_route=%2Fwp%2Fv2%2Fmedia&parent=199931"}],"wp:term":[{"taxonomy":"category","embeddable":true,"href":"https:\/\/diarioregionaldigital.com.br\/index.php?rest_route=%2Fwp%2Fv2%2Fcategories&post=199931"},{"taxonomy":"post_tag","embeddable":true,"href":"https:\/\/diarioregionaldigital.com.br\/index.php?rest_route=%2Fwp%2Fv2%2Ftags&post=199931"}],"curies":[{"name":"wp","href":"https:\/\/api.w.org\/{rel}","templated":true}]}}