{"id":199927,"date":"2022-06-06T17:47:11","date_gmt":"2022-06-06T20:47:11","guid":{"rendered":"https:\/\/diarioregionaldigital.com.br\/?p=199927"},"modified":"2022-06-06T17:47:11","modified_gmt":"2022-06-06T20:47:11","slug":"tj-rj-derruba-liminares-que-suspenderam-assembleia-de-furnas","status":"publish","type":"post","link":"https:\/\/diarioregionaldigital.com.br\/?p=199927","title":{"rendered":"TJ-RJ derruba liminares que suspenderam assembleia de Furnas"},"content":{"rendered":"<p>O presidente do Tribunal de Justi\u00e7a do Estado do Rio de Janeiro (TJ-RJ), desembargador Henrique Carlos de Andrade Figueira, suspendeu as liminares que impediam a realiza\u00e7\u00e3o da Assembleia Geral de Debenturistas de Furnas, que estava programada para a manh\u00e3 desta segunda-feira (6). Segundo a Eletrobras, a autoriza\u00e7\u00e3o para a emiss\u00e3o de deb\u00eantures \u00e9 condi\u00e7\u00e3o para a realiza\u00e7\u00e3o da oferta p\u00fablica global de a\u00e7\u00f5es da companhia.<img decoding=\"async\" src=\"https:\/\/agenciabrasil.ebc.com.br\/ebc.png?id=1463943&amp;o=node\" \/><img decoding=\"async\" src=\"https:\/\/agenciabrasil.ebc.com.br\/ebc.gif?id=1463943&amp;o=node\" \/><\/p>\n<p>A suspens\u00e3o havia sido\u00a0decidida pelo plant\u00e3o judici\u00e1rio do TJ-RJ a pedido da Associa\u00e7\u00e3o dos Empregados de Furnas (Asef), mas a Advocacia-Geral da Uni\u00e3o (AGU) recorreu e reverteu as liminares.<\/p>\n<p>A reuni\u00e3o vai discutir a autoriza\u00e7\u00e3o pr\u00e9via dos titulares da primeira emiss\u00e3o de deb\u00eantures de Furnas, decorrente do aumento de capital da Madeira Energia S.A, mas a associa\u00e7\u00e3o de empregados questiona que o processo descumpriu prazo, violou o dever de informa\u00e7\u00e3o aos debenturistas convocados e feriu regras de governan\u00e7a, entre outros pontos.<\/p>\n<p>Ao derrubar a liminar, o presidente do TJ-RJ afirmou que &#8220;a decis\u00e3o que suspendeu a Assembleia Geral de Debenturistas de Furnas causa impacto significativo no planejamento setorial el\u00e9trico brasileiro, sendo capaz de comprometer a modicidade tarif\u00e1ria e, consequentemente, o acesso das camadas mais carentes da popula\u00e7\u00e3o ao servi\u00e7o essencial de energia el\u00e9trica&#8221;.<\/p>\n<p>O desembargador acrescenta que &#8220;apesar de a Asef alegar na origem a exist\u00eancia de &#8216;diversas representa\u00e7\u00f5es em curso no Tribunal de Contas da Uni\u00e3o para investigar aportes bilion\u00e1rios e il\u00edcitos de recursos nas empresas Madeira\u00a0 Energia S\/A (Mesa) e Santo Ant\u00f4nio Energia S\/A (Saesa)&#8217;, a desestatiza\u00e7\u00e3o da Eletrobras foi autorizada pelo Plen\u00e1rio do Tribunal de Contas da Uni\u00e3o em 18\/05\/2022&#8221;. Segundo o magistrado, &#8220;inexistem ind\u00edcios de que a realiza\u00e7\u00e3o da Assembleia Geral de Debenturistas de Furnas possa causar qualquer amea\u00e7a ao er\u00e1rio, direta ou indireta&#8221;.<\/p>\n<p><span style=\"font-weight: 400;\">Fonte: Ag\u00eancia Brasil\u00a0<\/span><span style=\"font-weight: 400;\"><br \/>\n<\/span><\/p>\n","protected":false},"excerpt":{"rendered":"<p>O presidente do Tribunal de Justi\u00e7a do Estado do Rio de Janeiro (TJ-RJ), desembargador Henrique Carlos de Andrade Figueira, suspendeu as liminares que impediam a realiza\u00e7\u00e3o da Assembleia Geral de Debenturistas de Furnas, que estava programada para a manh\u00e3 desta segunda-feira (6). Segundo a Eletrobras, a autoriza\u00e7\u00e3o para a emiss\u00e3o de deb\u00eantures \u00e9 condi\u00e7\u00e3o para [&hellip;]<\/p>\n","protected":false},"author":246,"featured_media":199928,"comment_status":"closed","ping_status":"closed","sticky":false,"template":"","format":"standard","meta":{"footnotes":""},"categories":[436,261,439],"tags":[],"class_list":["post-199927","post","type-post","status-publish","format-standard","has-post-thumbnail","hentry","category-destaque-da-semana","category-economia","category-ultima-hora"],"_links":{"self":[{"href":"https:\/\/diarioregionaldigital.com.br\/index.php?rest_route=\/wp\/v2\/posts\/199927","targetHints":{"allow":["GET"]}}],"collection":[{"href":"https:\/\/diarioregionaldigital.com.br\/index.php?rest_route=\/wp\/v2\/posts"}],"about":[{"href":"https:\/\/diarioregionaldigital.com.br\/index.php?rest_route=\/wp\/v2\/types\/post"}],"author":[{"embeddable":true,"href":"https:\/\/diarioregionaldigital.com.br\/index.php?rest_route=\/wp\/v2\/users\/246"}],"replies":[{"embeddable":true,"href":"https:\/\/diarioregionaldigital.com.br\/index.php?rest_route=%2Fwp%2Fv2%2Fcomments&post=199927"}],"version-history":[{"count":2,"href":"https:\/\/diarioregionaldigital.com.br\/index.php?rest_route=\/wp\/v2\/posts\/199927\/revisions"}],"predecessor-version":[{"id":199930,"href":"https:\/\/diarioregionaldigital.com.br\/index.php?rest_route=\/wp\/v2\/posts\/199927\/revisions\/199930"}],"wp:featuredmedia":[{"embeddable":true,"href":"https:\/\/diarioregionaldigital.com.br\/index.php?rest_route=\/wp\/v2\/media\/199928"}],"wp:attachment":[{"href":"https:\/\/diarioregionaldigital.com.br\/index.php?rest_route=%2Fwp%2Fv2%2Fmedia&parent=199927"}],"wp:term":[{"taxonomy":"category","embeddable":true,"href":"https:\/\/diarioregionaldigital.com.br\/index.php?rest_route=%2Fwp%2Fv2%2Fcategories&post=199927"},{"taxonomy":"post_tag","embeddable":true,"href":"https:\/\/diarioregionaldigital.com.br\/index.php?rest_route=%2Fwp%2Fv2%2Ftags&post=199927"}],"curies":[{"name":"wp","href":"https:\/\/api.w.org\/{rel}","templated":true}]}}