{"id":199924,"date":"2022-06-06T17:45:05","date_gmt":"2022-06-06T20:45:05","guid":{"rendered":"https:\/\/diarioregionaldigital.com.br\/?p=199924"},"modified":"2022-06-06T17:45:05","modified_gmt":"2022-06-06T20:45:05","slug":"ciencia-e-tecnologia-e-educacao-lideram-bloqueio-orcamentario","status":"publish","type":"post","link":"https:\/\/diarioregionaldigital.com.br\/?p=199924","title":{"rendered":"Ci\u00eancia e Tecnologia e Educa\u00e7\u00e3o lideram bloqueio or\u00e7ament\u00e1rio"},"content":{"rendered":"<p>Os minist\u00e9rios da Ci\u00eancia, Tecnologia e Inova\u00e7\u00f5es e da Educa\u00e7\u00e3o foram as pastas com o maior volume de recursos contingenciados (bloqueados) no Or\u00e7amento de 2022, informou hoje (6) \u00e0 tarde o Minist\u00e9rio da Economia. Os n\u00fameros constam do\u00a0<a href=\"https:\/\/agenciabrasil.ebc.com.br\/economia\/noticia\/2022-05\/economia-anuncia-contingenciamento-de-r-87-bilhoes-do-orcamento\" target=\"_blank\" rel=\"noopener\">detalhamento\u00a0<\/a>do Relat\u00f3rio de Avalia\u00e7\u00e3o de Receitas e Despesas do segundo bimestre, divulgado no fim de maio.<img decoding=\"async\" src=\"https:\/\/agenciabrasil.ebc.com.br\/ebc.png?id=1463965&amp;o=node\" \/><img decoding=\"async\" src=\"https:\/\/agenciabrasil.ebc.com.br\/ebc.gif?id=1463965&amp;o=node\" \/><\/p>\n<p>O governo havia informado o valor total do novo bloqueio, mas a distribui\u00e7\u00e3o dos cortes pelos \u00f3rg\u00e3os federais s\u00f3 foi divulgada hoje. Os novos limites de empenho (autoriza\u00e7\u00e3o de gastos) para cada minist\u00e9rio e \u00f3rg\u00e3o ser\u00e3o publicados em decreto no\u00a0<em>Di\u00e1rio Oficial da Uni\u00e3o<\/em>.<\/p>\n<p>Com R$ 2,5 bilh\u00f5es contingenciados, o Minist\u00e9rio da Ci\u00eancia, Tecnologia e Inova\u00e7\u00f5es lidera o bloqueio. Em seguida, vem o Minist\u00e9rio da Educa\u00e7\u00e3o, com R$ 1,598 bilh\u00e3o bloqueados. O Minist\u00e9rio da Sa\u00fade ocupa a terceira posi\u00e7\u00e3o, com R$ 1,253 bilh\u00e3o. Os demais \u00f3rg\u00e3os tiveram cortes abaixo de R$ 1 bilh\u00e3o.<\/p>\n<p>Na \u00faltima vers\u00e3o do relat\u00f3rio, informou-se que haveria um contingenciamento adicional de R$ 8,239 bilh\u00f5es no Or\u00e7amento de 2022, mas o novo bloqueio efetivo ficou em R$ 6,965 bilh\u00f5es. Isso ocorreu porque o governo bloqueou mais R$ 463 milh\u00f5es de gastos discricion\u00e1rios (n\u00e3o obrigat\u00f3rios) de outras pastas para recompor gastos emergenciais do Minist\u00e9rio da Economia, como manuten\u00e7\u00e3o de sistemas e pagamento de tarifas banc\u00e1rias para presta\u00e7\u00e3o de servi\u00e7os.<\/p>\n<p>Ao mesmo tempo em que elevou o bloqueio em R$ 463 milh\u00f5es, a equipe econ\u00f4mica usou uma reserva de R$ 1,737 bilh\u00e3o destinada \u00e0 reestrutura\u00e7\u00e3o de carreiras no funcionalismo federal para diminuir o valor a ser contingenciado. Dessa forma, o bloqueio efetivo no segundo bimestre ficou em R$ 6,965 bilh\u00f5es.<\/p>\n<h2>Bloqueio total<\/h2>\n<p>No fim de mar\u00e7o, o governo havia contingenciado\u00a0<a href=\"https:\/\/agenciabrasil.ebc.com.br\/economia\/noticia\/2022-03\/bloqueio-de-r-172-bi-afetara-apenas-emendas-de-relator\" target=\"_blank\" rel=\"noopener\">R$ 1,722 bilh\u00e3o em emendas de relator<\/a>. Com isso, o valor total bloqueado do Or\u00e7amento de 2022 chega a R$ 10,424 bilh\u00f5es, sem o abatimento da reserva para a reestrutura\u00e7\u00e3o de carreiras, e a R$ 8,687 bilh\u00f5es, considerando o uso da reserva para diminuir o valor efetivo contingenciado.<\/p>\n<p>Os valores n\u00e3o incluem um poss\u00edvel reajuste linear de 5% para o funcionalismo. Esse aumento custaria mais R$ 6,3 bilh\u00f5es aos cofres federais e necessitaria de um contingenciamento adicional no Or\u00e7amento. A Lei de Responsabilidade Fiscal permite reajustes para repor as perdas com a infla\u00e7\u00e3o apenas at\u00e9 30 de junho no \u00faltimo ano de cada mandato.<\/p>\n<p>A cada dois meses, o Minist\u00e9rio da Economia divulga o Relat\u00f3rio de Avalia\u00e7\u00e3o de Receitas e Despesas, documento que orienta a execu\u00e7\u00e3o do Or\u00e7amento. Com base nas previs\u00f5es de crescimento da economia, de infla\u00e7\u00e3o e do comportamento das receitas e das despesas, a equipe econ\u00f4mica determina o bloqueio necess\u00e1rio para cumprir as metas de d\u00e9ficit prim\u00e1rio (resultado negativo das contas do governo sem os juros da d\u00edvida p\u00fablica) e o teto de gastos.<\/p>\n<h2>Confira abaixo a distribui\u00e7\u00e3o dos novos cortes or\u00e7ament\u00e1rios:<\/h2>\n<table border=\"1\" cellspacing=\"1\" cellpadding=\"1\" align=\"left\">\n<tbody>\n<tr>\n<td>\u00d3rg\u00e3os Or\u00e7ament\u00e1rios<\/td>\n<td>Bloqueio (R$)<\/td>\n<\/tr>\n<tr>\n<td>Presid\u00eancia da Rep\u00fablica<\/td>\n<td>R$25.368.000<\/td>\n<\/tr>\n<tr>\n<td>Ci\u00eancia, Tecnologia e Inova\u00e7\u00f5es<\/td>\n<td>R$ 2.500.000.000<\/td>\n<\/tr>\n<tr>\n<td>Educa\u00e7\u00e3o<\/td>\n<td>R$ 1.598.095.000<\/td>\n<\/tr>\n<tr>\n<td>Justi\u00e7a e Seguran\u00e7a P\u00fablica<\/td>\n<td>R$ 117.353.000<\/td>\n<\/tr>\n<tr>\n<td>Minas e Energia<\/td>\n<td>R$ 46.900.000<\/td>\n<\/tr>\n<tr>\n<td>Rela\u00e7\u00f5es Exteriores<\/td>\n<td>R$ 199.877.000<\/td>\n<\/tr>\n<tr>\n<td>Sa\u00fade<\/td>\n<td>R$ 1.253.324.000<\/td>\n<\/tr>\n<tr>\n<td>Infraestrutura<\/td>\n<td>R$ 199.877.000<\/td>\n<\/tr>\n<tr>\n<td>Comunica\u00e7\u00f5es<\/td>\n<td>R$ 87.397.000<\/td>\n<\/tr>\n<tr>\n<td>Defesa<\/td>\n<td>R$ 706.964.000<\/td>\n<\/tr>\n<tr>\n<td>Desenvolvimento Regional<\/td>\n<td>R$ 149.833.000<\/td>\n<\/tr>\n<tr>\n<td>Turismo<\/td>\n<td>R$ 36.554.000<\/td>\n<\/tr>\n<tr>\n<td>Cidadania<\/td>\n<td>R$ 94.496.000<\/td>\n<\/tr>\n<tr>\n<td>Mulher, da Fam\u00edlia e dos Direitos Humanos<\/td>\n<td>R$ 9.655.000<\/td>\n<\/tr>\n<tr>\n<td>Banco Central do Brasil<\/td>\n<td>R$ 18.738.000<\/td>\n<\/tr>\n<tr>\n<td>Valor total efetivo<\/td>\n<td>R$ 6.965.148.000<\/td>\n<\/tr>\n<tr>\n<td>Reserva de conting\u00eancia<\/td>\n<td>R$ 1.736.952.000<\/td>\n<\/tr>\n<tr>\n<td>Valor total com reserva de conting\u00eancia<\/td>\n<td>R$ 8.702.100.000<\/td>\n<\/tr>\n<\/tbody>\n<\/table>\n<p>Fonte: Ag\u00eancia Brasil<\/p>\n","protected":false},"excerpt":{"rendered":"<p>Os minist\u00e9rios da Ci\u00eancia, Tecnologia e Inova\u00e7\u00f5es e da Educa\u00e7\u00e3o foram as pastas com o maior volume de recursos contingenciados (bloqueados) no Or\u00e7amento de 2022, informou hoje (6) \u00e0 tarde o Minist\u00e9rio da Economia. Os n\u00fameros constam do\u00a0detalhamento\u00a0do Relat\u00f3rio de Avalia\u00e7\u00e3o de Receitas e Despesas do segundo bimestre, divulgado no fim de maio. O governo [&hellip;]<\/p>\n","protected":false},"author":246,"featured_media":199925,"comment_status":"closed","ping_status":"closed","sticky":false,"template":"","format":"standard","meta":{"footnotes":""},"categories":[436,261,439],"tags":[],"class_list":["post-199924","post","type-post","status-publish","format-standard","has-post-thumbnail","hentry","category-destaque-da-semana","category-economia","category-ultima-hora"],"_links":{"self":[{"href":"https:\/\/diarioregionaldigital.com.br\/index.php?rest_route=\/wp\/v2\/posts\/199924","targetHints":{"allow":["GET"]}}],"collection":[{"href":"https:\/\/diarioregionaldigital.com.br\/index.php?rest_route=\/wp\/v2\/posts"}],"about":[{"href":"https:\/\/diarioregionaldigital.com.br\/index.php?rest_route=\/wp\/v2\/types\/post"}],"author":[{"embeddable":true,"href":"https:\/\/diarioregionaldigital.com.br\/index.php?rest_route=\/wp\/v2\/users\/246"}],"replies":[{"embeddable":true,"href":"https:\/\/diarioregionaldigital.com.br\/index.php?rest_route=%2Fwp%2Fv2%2Fcomments&post=199924"}],"version-history":[{"count":1,"href":"https:\/\/diarioregionaldigital.com.br\/index.php?rest_route=\/wp\/v2\/posts\/199924\/revisions"}],"predecessor-version":[{"id":199926,"href":"https:\/\/diarioregionaldigital.com.br\/index.php?rest_route=\/wp\/v2\/posts\/199924\/revisions\/199926"}],"wp:featuredmedia":[{"embeddable":true,"href":"https:\/\/diarioregionaldigital.com.br\/index.php?rest_route=\/wp\/v2\/media\/199925"}],"wp:attachment":[{"href":"https:\/\/diarioregionaldigital.com.br\/index.php?rest_route=%2Fwp%2Fv2%2Fmedia&parent=199924"}],"wp:term":[{"taxonomy":"category","embeddable":true,"href":"https:\/\/diarioregionaldigital.com.br\/index.php?rest_route=%2Fwp%2Fv2%2Fcategories&post=199924"},{"taxonomy":"post_tag","embeddable":true,"href":"https:\/\/diarioregionaldigital.com.br\/index.php?rest_route=%2Fwp%2Fv2%2Ftags&post=199924"}],"curies":[{"name":"wp","href":"https:\/\/api.w.org\/{rel}","templated":true}]}}