{"id":199921,"date":"2022-06-06T17:42:52","date_gmt":"2022-06-06T20:42:52","guid":{"rendered":"https:\/\/diarioregionaldigital.com.br\/?p=199921"},"modified":"2022-06-06T17:42:52","modified_gmt":"2022-06-06T20:42:52","slug":"taxa-media-do-emprestimo-pessoal-tem-alta-de-074-aponta-procon-sp","status":"publish","type":"post","link":"https:\/\/diarioregionaldigital.com.br\/?p=199921","title":{"rendered":"Taxa m\u00e9dia do empr\u00e9stimo pessoal tem alta de 0,74%, aponta Procon-SP"},"content":{"rendered":"<p>A taxa m\u00e9dia do empr\u00e9stimo pessoal teve varia\u00e7\u00e3o positiva de 0,74% em junho, mostra pesquisa de juros da Funda\u00e7\u00e3o de Prote\u00e7\u00e3o e Defesa do Consumidor (Procon-SP). Nos seis bancos pesquisados, a taxa m\u00e9dia do cr\u00e9dito pessoal ficou em 6,82% ao m\u00eas, com acr\u00e9scimo de 0,06 ponto percentual em rela\u00e7\u00e3o ao m\u00eas anterior, quando a taxa ficou em 6,77%.<img decoding=\"async\" src=\"https:\/\/agenciabrasil.ebc.com.br\/ebc.png?id=1463964&amp;o=node\" \/><img decoding=\"async\" src=\"https:\/\/agenciabrasil.ebc.com.br\/ebc.gif?id=1463964&amp;o=node\" \/><\/p>\n<p>As taxas foram coletadas no dia 1\u00ba de junho. O levantamento foi feito pelo N\u00facleo de Intelig\u00eancia e Pesquisas da Escola de Prote\u00e7\u00e3o e Defesa do Consumidor nas seguintes institui\u00e7\u00f5es banc\u00e1rias: Banco do Brasil, Bradesco, Caixa Econ\u00f4mica Federal, Ita\u00fa, Safra e Santander.<\/p>\n<p>Os dados se referem \u00e0s taxas m\u00e1ximas pr\u00e9-fixadas para clientes pessoa f\u00edsica n\u00e3o preferenciais, independentemente do canal de contrata\u00e7\u00e3o. O prazo do contrato \u00e9 de 12 meses.<\/p>\n<p>Dois bancos alteraram suas taxas no \u00faltimo m\u00eas. O Banco do Brasil aumentou a taxa de\u00a0 6,17% para 6,32%, o que representa uma alta de 2,43%. O Bradesco, por sua vez, alterou a taxa de 8,43% para 8,55%. Nesse caso, houve varia\u00e7\u00e3o positiva de 1,42%.<\/p>\n<p>Em rela\u00e7\u00e3o ao empr\u00e9stimo pessoal, a Caixa Econ\u00f4mica Federal pratica a melhor condi\u00e7\u00e3o para o consumidor, com taxa de 4,05%, seguido pelo Banco Safra, com 5,90%. O percentual de juros mais elevado \u00e9 do Banco Bradesco, com 8,55% ao m\u00eas.<\/p>\n<h2>Cheque especial<\/h2>\n<p>A taxa m\u00e9dia de juros no cheque especial ficou em 7,96% ao m\u00eas. Segundo o levantamento, n\u00e3o houve altera\u00e7\u00e3o dos percentuais praticados pelos bancos. A taxa m\u00e9dia permanece a mesma desde fevereiro de 2021.<\/p>\n<p>No caso do cheque especial, o levantamento tamb\u00e9m considera o cliente como pessoa f\u00edsica n\u00e3o preferencial, mas o per\u00edodo de contrato \u00e9 de 30 dias.<\/p>\n<p>O Procon-SP lembra que o Banco Central do Brasil limitou a cobran\u00e7a da taxa de juros do cheque especial para pessoa f\u00edsica em 8% ao m\u00eas. Essa resolu\u00e7\u00e3o come\u00e7ou a valer em janeiro de 2020. O Banco do Brasil \u00e9 o \u00fanico que pratica um percentual abaixo do teto, com taxa de 7,73%.<\/p>\n<p>A funda\u00e7\u00e3o orienta que o consumidor deve evitar contrair d\u00edvidas. \u201cCaso seja realmente necess\u00e1rio obter cr\u00e9dito, deve pesquisar v\u00e1rias modalidades oferecidas no mercado financeiro e observar que com a limita\u00e7\u00e3o dos juros do cheque especial a maioria dos bancos elevou muito da taxa de empr\u00e9stimo pessoal.\u201d<\/p>\n<p><span style=\"font-weight: 400;\"><br \/>\n<\/span><span style=\"font-weight: 400;\">Fonte: Ag\u00eancia Brasil <\/span><\/p>\n","protected":false},"excerpt":{"rendered":"<p>A taxa m\u00e9dia do empr\u00e9stimo pessoal teve varia\u00e7\u00e3o positiva de 0,74% em junho, mostra pesquisa de juros da Funda\u00e7\u00e3o de Prote\u00e7\u00e3o e Defesa do Consumidor (Procon-SP). Nos seis bancos pesquisados, a taxa m\u00e9dia do cr\u00e9dito pessoal ficou em 6,82% ao m\u00eas, com acr\u00e9scimo de 0,06 ponto percentual em rela\u00e7\u00e3o ao m\u00eas anterior, quando a taxa [&hellip;]<\/p>\n","protected":false},"author":246,"featured_media":199922,"comment_status":"closed","ping_status":"closed","sticky":false,"template":"","format":"standard","meta":{"footnotes":""},"categories":[436,440,261,439],"tags":[],"class_list":["post-199921","post","type-post","status-publish","format-standard","has-post-thumbnail","hentry","category-destaque-da-semana","category-destaques-do-dia","category-economia","category-ultima-hora"],"_links":{"self":[{"href":"https:\/\/diarioregionaldigital.com.br\/index.php?rest_route=\/wp\/v2\/posts\/199921","targetHints":{"allow":["GET"]}}],"collection":[{"href":"https:\/\/diarioregionaldigital.com.br\/index.php?rest_route=\/wp\/v2\/posts"}],"about":[{"href":"https:\/\/diarioregionaldigital.com.br\/index.php?rest_route=\/wp\/v2\/types\/post"}],"author":[{"embeddable":true,"href":"https:\/\/diarioregionaldigital.com.br\/index.php?rest_route=\/wp\/v2\/users\/246"}],"replies":[{"embeddable":true,"href":"https:\/\/diarioregionaldigital.com.br\/index.php?rest_route=%2Fwp%2Fv2%2Fcomments&post=199921"}],"version-history":[{"count":1,"href":"https:\/\/diarioregionaldigital.com.br\/index.php?rest_route=\/wp\/v2\/posts\/199921\/revisions"}],"predecessor-version":[{"id":199923,"href":"https:\/\/diarioregionaldigital.com.br\/index.php?rest_route=\/wp\/v2\/posts\/199921\/revisions\/199923"}],"wp:featuredmedia":[{"embeddable":true,"href":"https:\/\/diarioregionaldigital.com.br\/index.php?rest_route=\/wp\/v2\/media\/199922"}],"wp:attachment":[{"href":"https:\/\/diarioregionaldigital.com.br\/index.php?rest_route=%2Fwp%2Fv2%2Fmedia&parent=199921"}],"wp:term":[{"taxonomy":"category","embeddable":true,"href":"https:\/\/diarioregionaldigital.com.br\/index.php?rest_route=%2Fwp%2Fv2%2Fcategories&post=199921"},{"taxonomy":"post_tag","embeddable":true,"href":"https:\/\/diarioregionaldigital.com.br\/index.php?rest_route=%2Fwp%2Fv2%2Ftags&post=199921"}],"curies":[{"name":"wp","href":"https:\/\/api.w.org\/{rel}","templated":true}]}}