{"id":199905,"date":"2022-06-03T21:11:43","date_gmt":"2022-06-04T00:11:43","guid":{"rendered":"https:\/\/diarioregionaldigital.com.br\/?p=199905"},"modified":"2022-06-03T21:11:43","modified_gmt":"2022-06-04T00:11:43","slug":"pjf-atende-o-maior-numero-de-vias-nos-ultimos-seis-meses-com-a-operacao-tapa-buracos","status":"publish","type":"post","link":"https:\/\/diarioregionaldigital.com.br\/?p=199905","title":{"rendered":"PJF atende o maior n\u00famero de vias nos \u00faltimos seis meses com a opera\u00e7\u00e3o tapa-buracos"},"content":{"rendered":"<p>Segundo informa\u00e7\u00f5es do site da Prefeitura de Juiz de Fora (PJF), recordes no m\u00eas de anivers\u00e1rio da cidade. Seguindo no compromisso de fazer de Juiz de Fora uma cidade cada vez melhor para se viver, visitar e investir, o Programa Boniteza da Prefeitura de Juiz de Fora (PJF), presenteou JF com o maior n\u00famero de vias atendidas do semestre.<\/p>\n<div id=\"box_texto_noticia\">\n<p>&nbsp;<\/p>\n<p>Em maio, as equipes de tapa-buraco da Empav estiveram nas ruas em 26 dos 31 dias do m\u00eas. De 2 a 31 de maio, foram aplicadas mais de 1970 toneladas de massa asf\u00e1ltica (CBUQ), em 5.627 recomposi\u00e7\u00f5es, m\u00e9dia de 216 recomposi\u00e7\u00f5es por dia. Em 302 atendimentos, 170 vias, de 62 bairros da cidade foram atendidas. Os n\u00fameros s\u00e3o os maiores registrados pela Empresa Municipal de Pavimenta\u00e7\u00e3o e Urbanidades (Empav) desde janeiro, em que 133 vias foram atendidas e pouco mais de 1100 toneladas de CBUQ foram aplicadas.<br \/>\nO diretor-presidente da Empav, Richard Tavares, ressalta os n\u00fameros e o empenho de toda a gest\u00e3o. \u201cOs n\u00fameros comprovam, mais uma vez, o nosso compromisso com a cidade e com quem transita pelas vias de Juiz de Fora. Os problemas com o pavimento s\u00e3o antigos e isso todo mundo j\u00e1 conhece, o que precisamos fazer, e estamos fazendo, \u00e9 refor\u00e7ar as nossas equipes e aumentar as nossas capacidades produtivas. Os resultados todos sentimos: tr\u00e2nsito fluindo melhor, menos transtornos e mais mobilidade para todos e todas. Sabemos que ainda temos muito a fazer e seguiremos empenhados\u201d, reiterou Richard.<br \/>\nImportante frisar que, al\u00e9m dos servi\u00e7os de tapa-buracos, a Empav segue com os trabalhos de limpeza e poda de grama\u00a0 e de \u00e1rvores em v\u00e1rios pontos da cidade, inclusive aos s\u00e1bados.<br \/>\nLembramos que a programa\u00e7\u00e3o di\u00e1ria das atividades realizadas pela Empav pode ser acompanhada atrav\u00e9s da p\u00e1gina do Gabinete de A\u00e7\u00e3o e Di\u00e1logo Comunit\u00e1rio, pelo<a href=\"https:\/\/www.pjf.mg.gov.br\/gabinetecomunitario\/#onde\">\u00a0link<\/a>.<br \/>\nTodas as a\u00e7\u00f5es de reestrutura\u00e7\u00e3o, urbaniza\u00e7\u00e3o e zeladoria realizadas pela Empav fazem parte do Programa Boniteza. Estes e outros servi\u00e7os podem ser solicitados atrav\u00e9s do Gabinete de A\u00e7\u00e3o e Di\u00e1logo Comunit\u00e1rio, que recebe e organiza pedidos relativos a interven\u00e7\u00f5es e melhorias urbanas. O contato pode ser feito por liga\u00e7\u00e3o telef\u00f4nica, pelo n\u00famero (32) 3690-7241 ou, ainda, via WhatsApp, utilizando o mesmo n\u00famero.<\/p>\n<\/div>\n<p>&nbsp;<\/p>\n<div id=\"box_compartilhar\" align=\"right\"><\/div>\n","protected":false},"excerpt":{"rendered":"<p>Segundo informa\u00e7\u00f5es do site da Prefeitura de Juiz de Fora (PJF), recordes no m\u00eas de anivers\u00e1rio da cidade. Seguindo no compromisso de fazer de Juiz de Fora uma cidade cada vez melhor para se viver, visitar e investir, o Programa Boniteza da Prefeitura de Juiz de Fora (PJF), presenteou JF com o maior n\u00famero de [&hellip;]<\/p>\n","protected":false},"author":246,"featured_media":199906,"comment_status":"closed","ping_status":"closed","sticky":false,"template":"","format":"standard","meta":{"footnotes":""},"categories":[253,436,439],"tags":[],"class_list":["post-199905","post","type-post","status-publish","format-standard","has-post-thumbnail","hentry","category-cidade","category-destaque-da-semana","category-ultima-hora"],"_links":{"self":[{"href":"https:\/\/diarioregionaldigital.com.br\/index.php?rest_route=\/wp\/v2\/posts\/199905","targetHints":{"allow":["GET"]}}],"collection":[{"href":"https:\/\/diarioregionaldigital.com.br\/index.php?rest_route=\/wp\/v2\/posts"}],"about":[{"href":"https:\/\/diarioregionaldigital.com.br\/index.php?rest_route=\/wp\/v2\/types\/post"}],"author":[{"embeddable":true,"href":"https:\/\/diarioregionaldigital.com.br\/index.php?rest_route=\/wp\/v2\/users\/246"}],"replies":[{"embeddable":true,"href":"https:\/\/diarioregionaldigital.com.br\/index.php?rest_route=%2Fwp%2Fv2%2Fcomments&post=199905"}],"version-history":[{"count":2,"href":"https:\/\/diarioregionaldigital.com.br\/index.php?rest_route=\/wp\/v2\/posts\/199905\/revisions"}],"predecessor-version":[{"id":199908,"href":"https:\/\/diarioregionaldigital.com.br\/index.php?rest_route=\/wp\/v2\/posts\/199905\/revisions\/199908"}],"wp:featuredmedia":[{"embeddable":true,"href":"https:\/\/diarioregionaldigital.com.br\/index.php?rest_route=\/wp\/v2\/media\/199906"}],"wp:attachment":[{"href":"https:\/\/diarioregionaldigital.com.br\/index.php?rest_route=%2Fwp%2Fv2%2Fmedia&parent=199905"}],"wp:term":[{"taxonomy":"category","embeddable":true,"href":"https:\/\/diarioregionaldigital.com.br\/index.php?rest_route=%2Fwp%2Fv2%2Fcategories&post=199905"},{"taxonomy":"post_tag","embeddable":true,"href":"https:\/\/diarioregionaldigital.com.br\/index.php?rest_route=%2Fwp%2Fv2%2Ftags&post=199905"}],"curies":[{"name":"wp","href":"https:\/\/api.w.org\/{rel}","templated":true}]}}