{"id":199899,"date":"2022-06-03T21:05:00","date_gmt":"2022-06-04T00:05:00","guid":{"rendered":"https:\/\/diarioregionaldigital.com.br\/?p=199899"},"modified":"2022-06-03T21:05:00","modified_gmt":"2022-06-04T00:05:00","slug":"i-seminario-da-via-liberdade-sera-realizado-nesta-quarta-feira-8-na-ufjf","status":"publish","type":"post","link":"https:\/\/diarioregionaldigital.com.br\/?p=199899","title":{"rendered":"I Semin\u00e1rio da Via Liberdade ser\u00e1 realizado nesta quarta-feira, 8, na UFJF"},"content":{"rendered":"<p>Segundo informa\u00e7\u00f5es do site da Prefeitura de Juiz de Fora (PJF), na quarta-feira, 8, Juiz de Fora sediar\u00e1 o I Semin\u00e1rio da Via Liberdade, uma rota tur\u00edstica na BR-040 que abrange mais de 300 munic\u00edpios dos estados do Rio de Janeiro, Minas Gerais, Goi\u00e1s e Distrito Federal e que congrega mais de 70% dos patrim\u00f4nios hist\u00f3ricos e culturais do Brasil.\u00a0 O evento vai discutir as pol\u00edticas e a\u00e7\u00f5es a serem implementadas na rota respeitando as peculiaridades, culturas, arranjos produtivos e econ\u00f4micos. O evento ser\u00e1 realizado no audit\u00f3rio Paulo Freire, no Institudo de Ci\u00eancias Humanas (ICH) da Universidade Federal de Juiz de Fora (UFJF) e o credenciamento come\u00e7ar\u00e1 \u00e0s 9h.<\/p>\n<div id=\"box_texto_noticia\">\n<p>&nbsp;<\/p>\n<p>As inscri\u00e7\u00f5es para o evento ainda podem ser feitas eletronicamente pelo\u00a0<a href=\"https:\/\/www.sympla.com.br\/i-seminario-via-liberdade__1587335\"><strong>Sympla<\/strong><\/a>. Mais de 250 interessados j\u00e1 se inscreveram para o semin\u00e1rio que ter\u00e1 int\u00e9rprete de libras. A rota Via Liberdade conta com quatro eixos de a\u00e7\u00f5es, de forma conjunta, pelos tr\u00eas estados e Distrito Federal, sendo de estrutura\u00e7\u00e3o, sinaliza\u00e7\u00e3o, promo\u00e7\u00e3o dos roteiros e destinos tur\u00edsticos e interc\u00e2mbio cultural.<br \/>\nO lan\u00e7amento da Via Liberdade ocorreu no dia 26 de abril, quando foi assinado decreto dando in\u00edcio, oficialmente, ao lan\u00e7amento da maior rota tur\u00edstica e cultural do pa\u00eds: a Via Liberdade. O percurso de 1.179 quil\u00f4metros da BR-040 e\u00a0nasce no Rio de Janeiro, na Avenida Brasil, e incorpora sete patrim\u00f4nios culturais da humanidade \u2013 o Cais do Valongo e o S\u00edtio Burle Marx, no Rio de Janeiro; Ouro Preto (Serra do Espinha\u00e7o), Congonhas e Pampulha, em Minas Gerais; o Caminho de Goi\u00e1s e Bras\u00edlia -, al\u00e9m da Grande Sert\u00e3o Veredas e o Rio S\u00e3o Francisco. O lan\u00e7amento tomou como refer\u00eancia o centen\u00e1rio da Semana de Arte Moderna de 1922 e o bicenten\u00e1rio da Independ\u00eancia.<br \/>\nO\u00a0I Semin\u00e1rio da Via Liberdade, em Juiz de Fora, \u00e9 coordenado pela Secretaria de Turismo (Setur) da Prefeitura de Juiz de Fora (PJF) com apoio da Secretaria de Estado de Cultura e Turismo (Secult), Universidade Federal de Juiz de Fora (UFJF), Sebrae e vai reunir as 20 IGRs (Inst\u00e2ncias de Governan\u00e7as Regionais) e todo o trade tur\u00edstico dos quatro estados, al\u00e9m de autoridades das \u00e1reas de turismo, cultura e desenvolvimento econ\u00f4mico e sustent\u00e1vel.<br \/>\nPara conhecer a rota e obter mais informa\u00e7\u00f5es\u00a0<a href=\"http:\/\/www.vialiberdade.com.br\/\"><strong>consultar o portal<\/strong><\/a>.<\/p>\n<\/div>\n<p>&nbsp;<\/p>\n<div class=\"texto_anexo\"><img loading=\"lazy\" decoding=\"async\" src=\"https:\/\/www.pjf.mg.gov.br\/imagens\/clips.jpg\" width=\"22\" height=\"20\" \/>\u00a0<a href=\"https:\/\/www.pjf.mg.gov.br\/noticias\/anexo\/programacao(1).pdf\" target=\"_blank\" rel=\"noopener\">Veja o anexo<\/a><\/div>\n","protected":false},"excerpt":{"rendered":"<p>Segundo informa\u00e7\u00f5es do site da Prefeitura de Juiz de Fora (PJF), na quarta-feira, 8, Juiz de Fora sediar\u00e1 o I Semin\u00e1rio da Via Liberdade, uma rota tur\u00edstica na BR-040 que abrange mais de 300 munic\u00edpios dos estados do Rio de Janeiro, Minas Gerais, Goi\u00e1s e Distrito Federal e que congrega mais de 70% dos patrim\u00f4nios [&hellip;]<\/p>\n","protected":false},"author":246,"featured_media":199900,"comment_status":"closed","ping_status":"closed","sticky":false,"template":"","format":"standard","meta":{"footnotes":""},"categories":[253,436,439],"tags":[],"class_list":["post-199899","post","type-post","status-publish","format-standard","has-post-thumbnail","hentry","category-cidade","category-destaque-da-semana","category-ultima-hora"],"_links":{"self":[{"href":"https:\/\/diarioregionaldigital.com.br\/index.php?rest_route=\/wp\/v2\/posts\/199899","targetHints":{"allow":["GET"]}}],"collection":[{"href":"https:\/\/diarioregionaldigital.com.br\/index.php?rest_route=\/wp\/v2\/posts"}],"about":[{"href":"https:\/\/diarioregionaldigital.com.br\/index.php?rest_route=\/wp\/v2\/types\/post"}],"author":[{"embeddable":true,"href":"https:\/\/diarioregionaldigital.com.br\/index.php?rest_route=\/wp\/v2\/users\/246"}],"replies":[{"embeddable":true,"href":"https:\/\/diarioregionaldigital.com.br\/index.php?rest_route=%2Fwp%2Fv2%2Fcomments&post=199899"}],"version-history":[{"count":1,"href":"https:\/\/diarioregionaldigital.com.br\/index.php?rest_route=\/wp\/v2\/posts\/199899\/revisions"}],"predecessor-version":[{"id":199901,"href":"https:\/\/diarioregionaldigital.com.br\/index.php?rest_route=\/wp\/v2\/posts\/199899\/revisions\/199901"}],"wp:featuredmedia":[{"embeddable":true,"href":"https:\/\/diarioregionaldigital.com.br\/index.php?rest_route=\/wp\/v2\/media\/199900"}],"wp:attachment":[{"href":"https:\/\/diarioregionaldigital.com.br\/index.php?rest_route=%2Fwp%2Fv2%2Fmedia&parent=199899"}],"wp:term":[{"taxonomy":"category","embeddable":true,"href":"https:\/\/diarioregionaldigital.com.br\/index.php?rest_route=%2Fwp%2Fv2%2Fcategories&post=199899"},{"taxonomy":"post_tag","embeddable":true,"href":"https:\/\/diarioregionaldigital.com.br\/index.php?rest_route=%2Fwp%2Fv2%2Ftags&post=199899"}],"curies":[{"name":"wp","href":"https:\/\/api.w.org\/{rel}","templated":true}]}}