{"id":199893,"date":"2022-06-03T20:45:58","date_gmt":"2022-06-03T23:45:58","guid":{"rendered":"https:\/\/diarioregionaldigital.com.br\/?p=199893"},"modified":"2022-06-03T20:45:58","modified_gmt":"2022-06-03T23:45:58","slug":"judo-rafaela-silva-conquista-o-bronze-no-grand-slam-de-tbilisi","status":"publish","type":"post","link":"https:\/\/diarioregionaldigital.com.br\/?p=199893","title":{"rendered":"Jud\u00f4: Rafaela Silva conquista o bronze no Grand Slam de Tbilisi"},"content":{"rendered":"<p>O jud\u00f4 brasileiro marcou presen\u00e7a no p\u00f3dio do Grand Slam de Tbilisi (Ge\u00f3rgia) nesta sexta-feira (3). Campe\u00e3 ol\u00edmpica nos Jogos do Rio de Janeiro, em 2016, Rafaela Silva conquistou o bronze da categoria at\u00e9 57 quilos (kg) ao superar a francesa Priscilla Gneto no combate valendo a medalha.<img decoding=\"async\" src=\"https:\/\/agenciabrasil.ebc.com.br\/ebc.png?id=1463627&amp;o=node\" \/><img decoding=\"async\" src=\"https:\/\/agenciabrasil.ebc.com.br\/ebc.gif?id=1463627&amp;o=node\" \/><\/p>\n<p>O feito \u00e9 especial para a carioca de 30 anos, que foi ao p\u00f3dio de um Grand Slam pela primeira vez desde que retornou ao circuito, no ano passado, ap\u00f3s passar duas temporadas afastada por conta de doping. A puni\u00e7\u00e3o, inclusive, deixou-a fora da Olimp\u00edada de T\u00f3quio (Jap\u00e3o). Rafaela foi liberada para competir novamente em 24 de agosto de 2021 e obteve duas medalhas internacionais desde ent\u00e3o: um ouro no Grand Prix de Almada (Portugal) &#8211; torneio abaixo do Grand Slam &#8211; e um bronze no Campeonato Pan-Americano e da Oceania, em Lima (Peru).<\/p>\n<p>\u201cTive uma les\u00e3o h\u00e1 duas semanas e estava incerto se conseguiria lutar, mas estou muito feliz com meu processo. Espero que seja uma virada de chave e que engate mais medalhas nas pr\u00f3ximas competi\u00e7\u00f5es, independentemente da cor, pois s\u00e3o pontos que me dar\u00e3o a classifica\u00e7\u00e3o ol\u00edmpica\u201d, declarou Rafaela em postagem da Confedera\u00e7\u00e3o Brasileira de Jud\u00f4 (CBJ) no Twitter.<\/p>\n<p>A carioca ocupa, atualmente, o 18\u00ba lugar da categoria at\u00e9 57 kg no ranking da Federa\u00e7\u00e3o Internacional de Jud\u00f4 (IJF, na sigla em ingl\u00eas). O terceiro lugar em Tbilisi render\u00e1 mais 500 pontos e deve aproxim\u00e1-la do top dez. A competi\u00e7\u00e3o \u00e9 o \u00faltimo desafio do jud\u00f4 brasileiro antes do Campeonato Mundial de Tashkent (Uzbequist\u00e3o), em outubro.<\/p>\n<p>Rafaela estreou derrotando a turcomena Leyla Umidova. Na luta seguinte, foi superada pela sul-coreana Mimi Huh (que foi a campe\u00e3 da categoria). Na repescagem, al\u00e9m de Gneto, a brasileira tamb\u00e9m bateu a cazaque Sevara Nishanbayeva.<\/p>\n<p>Outros dois brasileiros chegaram \u00e0 disputa pelo bronze na Ge\u00f3rgia, mas ficaram fora do p\u00f3dio. Na categoria at\u00e9 66 quilos, Willian Lima foi derrotado por\u00a0<em>ippon<\/em>\u00a0(golpe perfeito) pelo anfitri\u00e3o Vazha Margvelashvili, vice-campe\u00e3o ol\u00edmpico. Na categoria at\u00e9 48 kg, Amanda Lima foi desclassificada da luta contra a francesa Blondine Pont por realizar um movimento irregular e tamb\u00e9m acabou na quinta posi\u00e7\u00e3o.<\/p>\n<p>Os demais judocas do pa\u00eds n\u00e3o avan\u00e7aram para a briga por medalhas nas respectivas categorias. Natasha Ferreira (at\u00e9 48 kg) perdeu na repescagem. Allan Kuwabara (at\u00e9 60 kg), Eric Takabatake (at\u00e9 66kg), Yasmim Lima (at\u00e9 52kg) e Thayane Lemos (at\u00e9 57kg) ca\u00edram na segunda rodada. J\u00e1 Ryan Concei\u00e7\u00e3o (at\u00e9 60kg) e Maria Taba (at\u00e9 52kg) deixaram a competi\u00e7\u00e3o na estreia.<\/p>\n<p>A participa\u00e7\u00e3o brasileira prossegue neste s\u00e1bado (4), a partir das 4h30 (hor\u00e1rio de Bras\u00edlia), com Ketleyn Quadros, Tamires Crude (ambas at\u00e9 63 kg), Luana Carvalho (at\u00e9 70 kg), Julio Koda Filho (at\u00e9 73 kg) e Vin\u00edcius Panini (at\u00e9 81 kg). No domingo (5), come\u00e7ando \u00e0s 5h, ser\u00e1 a vez de Mayra Aguiar (at\u00e9 78 kg), Andr\u00e9 Humberto (at\u00e9 100 kg) e Juscelino Nascimento J\u00fanior (acima de 100 kg). Nos dois dias as finais est\u00e3o previstas para as 10h. A IJF exibe o evento ao vivo pelo\u00a0<a href=\"https:\/\/live.ijf.org\/\">site oficial da entidade<\/a>.<\/p>\n<p><span style=\"font-weight: 400;\"><br \/>\n<\/span><span style=\"font-weight: 400;\">Fonte: Ag\u00eancia Brasil <\/span><\/p>\n","protected":false},"excerpt":{"rendered":"<p>O jud\u00f4 brasileiro marcou presen\u00e7a no p\u00f3dio do Grand Slam de Tbilisi (Ge\u00f3rgia) nesta sexta-feira (3). Campe\u00e3 ol\u00edmpica nos Jogos do Rio de Janeiro, em 2016, Rafaela Silva conquistou o bronze da categoria at\u00e9 57 quilos (kg) ao superar a francesa Priscilla Gneto no combate valendo a medalha. O feito \u00e9 especial para a carioca [&hellip;]<\/p>\n","protected":false},"author":246,"featured_media":199894,"comment_status":"closed","ping_status":"closed","sticky":false,"template":"","format":"standard","meta":{"footnotes":""},"categories":[436,257,439],"tags":[],"class_list":["post-199893","post","type-post","status-publish","format-standard","has-post-thumbnail","hentry","category-destaque-da-semana","category-esporte","category-ultima-hora"],"_links":{"self":[{"href":"https:\/\/diarioregionaldigital.com.br\/index.php?rest_route=\/wp\/v2\/posts\/199893","targetHints":{"allow":["GET"]}}],"collection":[{"href":"https:\/\/diarioregionaldigital.com.br\/index.php?rest_route=\/wp\/v2\/posts"}],"about":[{"href":"https:\/\/diarioregionaldigital.com.br\/index.php?rest_route=\/wp\/v2\/types\/post"}],"author":[{"embeddable":true,"href":"https:\/\/diarioregionaldigital.com.br\/index.php?rest_route=\/wp\/v2\/users\/246"}],"replies":[{"embeddable":true,"href":"https:\/\/diarioregionaldigital.com.br\/index.php?rest_route=%2Fwp%2Fv2%2Fcomments&post=199893"}],"version-history":[{"count":1,"href":"https:\/\/diarioregionaldigital.com.br\/index.php?rest_route=\/wp\/v2\/posts\/199893\/revisions"}],"predecessor-version":[{"id":199895,"href":"https:\/\/diarioregionaldigital.com.br\/index.php?rest_route=\/wp\/v2\/posts\/199893\/revisions\/199895"}],"wp:featuredmedia":[{"embeddable":true,"href":"https:\/\/diarioregionaldigital.com.br\/index.php?rest_route=\/wp\/v2\/media\/199894"}],"wp:attachment":[{"href":"https:\/\/diarioregionaldigital.com.br\/index.php?rest_route=%2Fwp%2Fv2%2Fmedia&parent=199893"}],"wp:term":[{"taxonomy":"category","embeddable":true,"href":"https:\/\/diarioregionaldigital.com.br\/index.php?rest_route=%2Fwp%2Fv2%2Fcategories&post=199893"},{"taxonomy":"post_tag","embeddable":true,"href":"https:\/\/diarioregionaldigital.com.br\/index.php?rest_route=%2Fwp%2Fv2%2Ftags&post=199893"}],"curies":[{"name":"wp","href":"https:\/\/api.w.org\/{rel}","templated":true}]}}