{"id":199886,"date":"2022-06-03T20:41:00","date_gmt":"2022-06-03T23:41:00","guid":{"rendered":"https:\/\/diarioregionaldigital.com.br\/?p=199886"},"modified":"2022-06-03T20:41:00","modified_gmt":"2022-06-03T23:41:00","slug":"selecao-desembarca-em-toquio-para-amistoso","status":"publish","type":"post","link":"https:\/\/diarioregionaldigital.com.br\/?p=199886","title":{"rendered":"Sele\u00e7\u00e3o desembarca em T\u00f3quio para amistoso"},"content":{"rendered":"<p>A sele\u00e7\u00e3o masculina de futebol desembarcou nesta sexta-feira (3) em T\u00f3quio (Jap\u00e3o), onde enfrenta a equipe nacional local na pr\u00f3xima segunda-feira (3) no Est\u00e1dio Nacional a partir das 7h20 (hor\u00e1rio de Bras\u00edlia) em amistoso de prepara\u00e7\u00e3o para a Copa do Mundo de 2022 (Catar).<img decoding=\"async\" src=\"https:\/\/agenciabrasil.ebc.com.br\/ebc.png?id=1463674&amp;o=node\" \/><img decoding=\"async\" src=\"https:\/\/agenciabrasil.ebc.com.br\/ebc.gif?id=1463674&amp;o=node\" \/><\/p>\n<p>Ao pousar no aeroporto da capital japonesa, a equipe brasileira foi recepcionada por torcedores locais.<\/p>\n<p>O Jap\u00e3o \u00e9 a segunda, e \u00faltima, parada do Tour da equipe comandada pelo t\u00e9cnico Tite no Oriente. No primeiro compromisso, na \u00faltima quinta-feira (2), o Brasil goleou a Coreia do Sul por 5 a 1 no est\u00e1dio da Copa do Mundo, em Seul.<\/p>\n<p>Depois os comandados de Tite enfrentar\u00e3o a sele\u00e7\u00e3o argentina em setembro, em partida adiada das Eliminat\u00f3rias Sul-Americanas.<\/p>\n<p>O Brasil estreia na Copa do Mundo contra a S\u00e9rvia no dia 24 de novembro, pelo Grupo G da competi\u00e7\u00e3o. Na sequ\u00eancia encara Su\u00ed\u00e7a e Camar\u00f5es na fase de grupos.<\/p>\n<p><span style=\"font-weight: 400;\"><br \/>\n<\/span><span style=\"font-weight: 400;\">Fonte: Ag\u00eancia Brasil <\/span><\/p>\n","protected":false},"excerpt":{"rendered":"<p>A sele\u00e7\u00e3o masculina de futebol desembarcou nesta sexta-feira (3) em T\u00f3quio (Jap\u00e3o), onde enfrenta a equipe nacional local na pr\u00f3xima segunda-feira (3) no Est\u00e1dio Nacional a partir das 7h20 (hor\u00e1rio de Bras\u00edlia) em amistoso de prepara\u00e7\u00e3o para a Copa do Mundo de 2022 (Catar). Ao pousar no aeroporto da capital japonesa, a equipe brasileira foi [&hellip;]<\/p>\n","protected":false},"author":246,"featured_media":199887,"comment_status":"closed","ping_status":"closed","sticky":false,"template":"","format":"standard","meta":{"footnotes":""},"categories":[436,257,439],"tags":[],"class_list":["post-199886","post","type-post","status-publish","format-standard","has-post-thumbnail","hentry","category-destaque-da-semana","category-esporte","category-ultima-hora"],"_links":{"self":[{"href":"https:\/\/diarioregionaldigital.com.br\/index.php?rest_route=\/wp\/v2\/posts\/199886","targetHints":{"allow":["GET"]}}],"collection":[{"href":"https:\/\/diarioregionaldigital.com.br\/index.php?rest_route=\/wp\/v2\/posts"}],"about":[{"href":"https:\/\/diarioregionaldigital.com.br\/index.php?rest_route=\/wp\/v2\/types\/post"}],"author":[{"embeddable":true,"href":"https:\/\/diarioregionaldigital.com.br\/index.php?rest_route=\/wp\/v2\/users\/246"}],"replies":[{"embeddable":true,"href":"https:\/\/diarioregionaldigital.com.br\/index.php?rest_route=%2Fwp%2Fv2%2Fcomments&post=199886"}],"version-history":[{"count":1,"href":"https:\/\/diarioregionaldigital.com.br\/index.php?rest_route=\/wp\/v2\/posts\/199886\/revisions"}],"predecessor-version":[{"id":199888,"href":"https:\/\/diarioregionaldigital.com.br\/index.php?rest_route=\/wp\/v2\/posts\/199886\/revisions\/199888"}],"wp:featuredmedia":[{"embeddable":true,"href":"https:\/\/diarioregionaldigital.com.br\/index.php?rest_route=\/wp\/v2\/media\/199887"}],"wp:attachment":[{"href":"https:\/\/diarioregionaldigital.com.br\/index.php?rest_route=%2Fwp%2Fv2%2Fmedia&parent=199886"}],"wp:term":[{"taxonomy":"category","embeddable":true,"href":"https:\/\/diarioregionaldigital.com.br\/index.php?rest_route=%2Fwp%2Fv2%2Fcategories&post=199886"},{"taxonomy":"post_tag","embeddable":true,"href":"https:\/\/diarioregionaldigital.com.br\/index.php?rest_route=%2Fwp%2Fv2%2Ftags&post=199886"}],"curies":[{"name":"wp","href":"https:\/\/api.w.org\/{rel}","templated":true}]}}