{"id":199882,"date":"2022-06-03T20:39:19","date_gmt":"2022-06-03T23:39:19","guid":{"rendered":"https:\/\/diarioregionaldigital.com.br\/?p=199882"},"modified":"2022-06-03T20:39:19","modified_gmt":"2022-06-03T23:39:19","slug":"atletismo-vitoria-rosa-e-prata-nos-100-metros-rasos-na-polonia","status":"publish","type":"post","link":"https:\/\/diarioregionaldigital.com.br\/?p=199882","title":{"rendered":"Atletismo: Vit\u00f3ria Rosa \u00e9 prata nos 100 metros rasos na Pol\u00f4nia"},"content":{"rendered":"<p>O Brasil teve uma sexta-feira (3) de conquistas no atletismo. O melhor resultado veio com Vit\u00f3ria Rosa, que conquistou uma medalha de prata na prova dos 100 metros rasos do Continental Tour de Bydgoszcz (Pol\u00f4nia). A brasileira completou a prova em 11s32, ficando atr\u00e1s apenas de Michelle-Lee Ahye, de Trinidad e Tobago (11s17).<img decoding=\"async\" src=\"https:\/\/agenciabrasil.ebc.com.br\/ebc.png?id=1463706&amp;o=node\" \/><img decoding=\"async\" src=\"https:\/\/agenciabrasil.ebc.com.br\/ebc.gif?id=1463706&amp;o=node\" \/><\/p>\n<p>Tamb\u00e9m na competi\u00e7\u00e3o realizada em solo polon\u00eas, o campe\u00e3o mundial indoor do arremesso de peso Darlan Romani levou para casa um bronze. Para alcan\u00e7ar o feito ele conseguiu a marca de 21,45 metros, abaixo apenas dos 21,80 metros do neozeland\u00eas Tomas Walsh (ouro) e dos 21,76 metros do norte-americano Joe Kovacs (prata).<\/p>\n<p>O Brasil tamb\u00e9m garantiu um bronze com Mariana Marcelino, mas na prova do lan\u00e7amento de martelo no Meeting de Manchester (Inglaterra). A brasileira fez 65,97 metros na prova, ficando atr\u00e1s da dinamarquesa Katrine Koch Jacobsen, ouro com 69,95 metros, e da brit\u00e2nica Jessica Mayho, prata com 66,28 metros.<\/p>\n<h2>Ouro na Fran\u00e7a<\/h2>\n<p>Em disputa realizada na \u00faltima quinta, o carioca Gabriel Constantino garantiu o ouro na prova dos 110 metros com barreiras do Meeting Internacional de Montreuil (Fran\u00e7a). Ele completou a prova em 13s42, \u00e0 frente do brit\u00e2nico Andrew Pozzi, segundo colocado com 13s46, e de outro brasileiro, o mineiro Rafael Henrique Pereira, bronze com 13s48.<\/p>\n<p><span style=\"font-weight: 400;\">Fonte: Ag\u00eancia Brasil <\/span><\/p>\n","protected":false},"excerpt":{"rendered":"<p>O Brasil teve uma sexta-feira (3) de conquistas no atletismo. O melhor resultado veio com Vit\u00f3ria Rosa, que conquistou uma medalha de prata na prova dos 100 metros rasos do Continental Tour de Bydgoszcz (Pol\u00f4nia). A brasileira completou a prova em 11s32, ficando atr\u00e1s apenas de Michelle-Lee Ahye, de Trinidad e Tobago (11s17). Tamb\u00e9m na [&hellip;]<\/p>\n","protected":false},"author":246,"featured_media":199883,"comment_status":"closed","ping_status":"closed","sticky":false,"template":"","format":"standard","meta":{"footnotes":""},"categories":[436,440,257,439],"tags":[],"class_list":["post-199882","post","type-post","status-publish","format-standard","has-post-thumbnail","hentry","category-destaque-da-semana","category-destaques-do-dia","category-esporte","category-ultima-hora"],"_links":{"self":[{"href":"https:\/\/diarioregionaldigital.com.br\/index.php?rest_route=\/wp\/v2\/posts\/199882","targetHints":{"allow":["GET"]}}],"collection":[{"href":"https:\/\/diarioregionaldigital.com.br\/index.php?rest_route=\/wp\/v2\/posts"}],"about":[{"href":"https:\/\/diarioregionaldigital.com.br\/index.php?rest_route=\/wp\/v2\/types\/post"}],"author":[{"embeddable":true,"href":"https:\/\/diarioregionaldigital.com.br\/index.php?rest_route=\/wp\/v2\/users\/246"}],"replies":[{"embeddable":true,"href":"https:\/\/diarioregionaldigital.com.br\/index.php?rest_route=%2Fwp%2Fv2%2Fcomments&post=199882"}],"version-history":[{"count":2,"href":"https:\/\/diarioregionaldigital.com.br\/index.php?rest_route=\/wp\/v2\/posts\/199882\/revisions"}],"predecessor-version":[{"id":199885,"href":"https:\/\/diarioregionaldigital.com.br\/index.php?rest_route=\/wp\/v2\/posts\/199882\/revisions\/199885"}],"wp:featuredmedia":[{"embeddable":true,"href":"https:\/\/diarioregionaldigital.com.br\/index.php?rest_route=\/wp\/v2\/media\/199883"}],"wp:attachment":[{"href":"https:\/\/diarioregionaldigital.com.br\/index.php?rest_route=%2Fwp%2Fv2%2Fmedia&parent=199882"}],"wp:term":[{"taxonomy":"category","embeddable":true,"href":"https:\/\/diarioregionaldigital.com.br\/index.php?rest_route=%2Fwp%2Fv2%2Fcategories&post=199882"},{"taxonomy":"post_tag","embeddable":true,"href":"https:\/\/diarioregionaldigital.com.br\/index.php?rest_route=%2Fwp%2Fv2%2Ftags&post=199882"}],"curies":[{"name":"wp","href":"https:\/\/api.w.org\/{rel}","templated":true}]}}