{"id":199874,"date":"2022-06-03T20:17:05","date_gmt":"2022-06-03T23:17:05","guid":{"rendered":"https:\/\/diarioregionaldigital.com.br\/?p=199874"},"modified":"2022-06-03T20:17:05","modified_gmt":"2022-06-03T23:17:05","slug":"custodiados-do-presidio-de-resende-costa-fabricam-moveis-e-outras-pecas","status":"publish","type":"post","link":"https:\/\/diarioregionaldigital.com.br\/?p=199874","title":{"rendered":"Custodiados do Pres\u00eddio de Resende Costa fabricam m\u00f3veis e outras pe\u00e7as"},"content":{"rendered":"<p>Desde 2016, os mais de 11 mil moradores de Resende Costa e distritos do entorno, no Campo das Vertentes, caminham por ruas mais seguras, revestidas por bloquetes de concreto, material produzido no pres\u00eddio da cidade. Al\u00e9m da iniciativa, que busca benef\u00edcios sociais e \u00e9 desenvolvida em conjunto com o munic\u00edpio, h\u00e1 mais duas outras parcerias de trabalho na unidade que d\u00e3o origem a pe\u00e7as que alcan\u00e7am os mercados nacionais e internacionais: tapetes manuais e m\u00f3veis\u00a0 em madeira.<\/p>\n<p>As f\u00e1bricas ocupam tr\u00eas galp\u00f5es da unidade, um para cada frente de trabalho, e mobilizam uma m\u00e9dia de 18 presos. A capacidade da linha produtiva da f\u00e1brica de concretos \u00e9 de praticamente 1,7 mil itens di\u00e1rios (bloquetes, briquetes, manilhas e meios fios); a de tapetes de malha, produzidos em tear manual, gira em torno de cem unidades\/dia e a de m\u00f3veis, r\u00fasticos ou de acabamento fino, s\u00e3o entregues conforme as encomendas de um empres\u00e1rio local.<\/p>\n<p>O tear \u00e9 um artesanato com express\u00e3o econ\u00f4mica na regi\u00e3o, j\u00e1 que a confec\u00e7\u00e3o t\u00eaxtil \u00e9 uma das principais bases produtivas do munic\u00edpio &#8211; reconhecido no mercado internacional por esse trabalho.<\/p>\n<p><strong>Benef\u00edcios<br \/>\n<\/strong><\/p>\n<p>As oportunidades abrem as portas da profissionaliza\u00e7\u00e3o para os detentos, facilitando o processo de ressocializa\u00e7\u00e3o.<\/p>\n<p>Para atuar nas f\u00e1bricas, o detento \u00e9 avaliado por uma comiss\u00e3o t\u00e9cnica que tem como um dos crit\u00e9rios o bom comportamento. Pelo trabalho, eles recebem tr\u00eas quartos do sal\u00e1rio m\u00ednimo e, a cada tr\u00eas dias trabalhados, diminuem a pena em um dia.<\/p>\n<p>Francisco de Souza, diretor-geral do pres\u00eddio, aponta que o foco \u00e9 profissionalizar, ressocializar e preservar a dignidade da pessoa privada de liberdade. \u201cO trabalho dignifica o homem, al\u00e9m de ressocializar dentro do pres\u00eddio. Alguns presos que tomavam rem\u00e9dios para depress\u00e3o, cora\u00e7\u00e3o e outros, quando iniciam na linha de produ\u00e7\u00e3o, acabam dispensando o tratamento por recomenda\u00e7\u00e3o m\u00e9dica\u201d.<\/p>\n<p>O diretor tamb\u00e9m conta que os benef\u00edcios sociais s\u00e3o reconhecidos pela popula\u00e7\u00e3o. \u201cResende Costa sofria com casos de poeira e lama em vias p\u00fablicas. O cidad\u00e3o, ao ver os benef\u00edcios que o pres\u00eddio pode trazer para o seu cotidiano, acaba apoiando o trabalho desenvolvido no pres\u00eddio\u201d, complementa.<\/p>\n<p>O prefeito de Resende Costa, Luca Vale, concorda que a parceria do munic\u00edpio com o pres\u00eddio \u00e9 significativa para a comunidade e para os detentos. Ele tamb\u00e9m conta que, mesmo com o avan\u00e7o no cal\u00e7amento das vias, a inten\u00e7\u00e3o \u00e9 de zerar as ruas de terra, com a instala\u00e7\u00e3o dos bloquetes de concreto.<\/p>\n<p>\u201c\u00c9 uma via de m\u00e3o dupla muito importante para o munic\u00edpio. A nossa popula\u00e7\u00e3o tem ganhado, pois os materiais utilizados nas vias p\u00fablicas s\u00e3o de \u00f3tima qualidade e em quantidade consider\u00e1vel. Em contrapartida, os detentos aprendem uma profiss\u00e3o, para que eles tenham chance de voltar ao mercado de trabalho quando sa\u00edrem do pres\u00eddio\u201d, diz o prefeito.<\/p>\n<p><strong>Novo olhar<\/strong><\/p>\n<p>Os trabalhadores s\u00e3o estimulados para o conhecimento nas tr\u00eas frentes de produ\u00e7\u00e3o. Anderson Resende, de 37 anos, \u00e9 um exemplo disso. Ele, que j\u00e1 trabalhou como servente e com instala\u00e7\u00e3o de telhados, antes do cumprimento da pena, desenvolveu novas habilidades profissionais dentro da unidade.<\/p>\n<p>Anderson integrou a primeira turma da f\u00e1brica de blocos em 2016 e, hoje, atua na produ\u00e7\u00e3o de m\u00f3veis, al\u00e9m de ser capaz de realizar atividades na f\u00e1brica de tear \u2013 um of\u00edcio j\u00e1 repassado pelas fam\u00edlias da regi\u00e3o. Para ele, oportunidades com essas, intramuros, al\u00e9m de ajudar durante o per\u00edodo de restri\u00e7\u00e3o de liberdade, poder\u00e3o auxili\u00e1-lo em conquistas futuras, ao fim da senten\u00e7a. Mesmo no pres\u00eddio, j\u00e1 faz planos para o futuro: \u201cGosto de trabalhar com madeira. Pretendo abrir uma marcenaria quando sair. Exercer um of\u00edcio dentro do pres\u00eddio tira o t\u00e9dio, proporciona novos conhecimentos e muda a mente para o lado do trabalho\u201d, compartilha.<\/p>\n<p><span style=\"font-weight: 400;\">Fonte: Ag\u00eancia Minas <\/span><\/p>\n","protected":false},"excerpt":{"rendered":"<p>Desde 2016, os mais de 11 mil moradores de Resende Costa e distritos do entorno, no Campo das Vertentes, caminham por ruas mais seguras, revestidas por bloquetes de concreto, material produzido no pres\u00eddio da cidade. Al\u00e9m da iniciativa, que busca benef\u00edcios sociais e \u00e9 desenvolvida em conjunto com o munic\u00edpio, h\u00e1 mais duas outras parcerias [&hellip;]<\/p>\n","protected":false},"author":246,"featured_media":199875,"comment_status":"closed","ping_status":"closed","sticky":false,"template":"","format":"standard","meta":{"footnotes":""},"categories":[436,254,439],"tags":[],"class_list":["post-199874","post","type-post","status-publish","format-standard","has-post-thumbnail","hentry","category-destaque-da-semana","category-politica","category-ultima-hora"],"_links":{"self":[{"href":"https:\/\/diarioregionaldigital.com.br\/index.php?rest_route=\/wp\/v2\/posts\/199874","targetHints":{"allow":["GET"]}}],"collection":[{"href":"https:\/\/diarioregionaldigital.com.br\/index.php?rest_route=\/wp\/v2\/posts"}],"about":[{"href":"https:\/\/diarioregionaldigital.com.br\/index.php?rest_route=\/wp\/v2\/types\/post"}],"author":[{"embeddable":true,"href":"https:\/\/diarioregionaldigital.com.br\/index.php?rest_route=\/wp\/v2\/users\/246"}],"replies":[{"embeddable":true,"href":"https:\/\/diarioregionaldigital.com.br\/index.php?rest_route=%2Fwp%2Fv2%2Fcomments&post=199874"}],"version-history":[{"count":2,"href":"https:\/\/diarioregionaldigital.com.br\/index.php?rest_route=\/wp\/v2\/posts\/199874\/revisions"}],"predecessor-version":[{"id":199878,"href":"https:\/\/diarioregionaldigital.com.br\/index.php?rest_route=\/wp\/v2\/posts\/199874\/revisions\/199878"}],"wp:featuredmedia":[{"embeddable":true,"href":"https:\/\/diarioregionaldigital.com.br\/index.php?rest_route=\/wp\/v2\/media\/199875"}],"wp:attachment":[{"href":"https:\/\/diarioregionaldigital.com.br\/index.php?rest_route=%2Fwp%2Fv2%2Fmedia&parent=199874"}],"wp:term":[{"taxonomy":"category","embeddable":true,"href":"https:\/\/diarioregionaldigital.com.br\/index.php?rest_route=%2Fwp%2Fv2%2Fcategories&post=199874"},{"taxonomy":"post_tag","embeddable":true,"href":"https:\/\/diarioregionaldigital.com.br\/index.php?rest_route=%2Fwp%2Fv2%2Ftags&post=199874"}],"curies":[{"name":"wp","href":"https:\/\/api.w.org\/{rel}","templated":true}]}}