{"id":199867,"date":"2022-06-03T20:11:36","date_gmt":"2022-06-03T23:11:36","guid":{"rendered":"https:\/\/diarioregionaldigital.com.br\/?p=199867"},"modified":"2022-06-03T20:11:36","modified_gmt":"2022-06-03T23:11:36","slug":"governo-de-minas-lanca-dois-novos-editais-para-obras-do-provias","status":"publish","type":"post","link":"https:\/\/diarioregionaldigital.com.br\/?p=199867","title":{"rendered":"Governo de Minas lan\u00e7a dois novos editais para obras do Provias"},"content":{"rendered":"<p><main class=\"clear margin-md-bottom-3\"><\/p>\n<div class=\"clear col-md-10 col-md-offset-1 \">\n<p>O Governo de Minas, por meio do\u00a0<a href=\"http:\/\/www.der.mg.gov.br\/\" target=\"_blank\" rel=\"noopener noreferrer\" data-auth=\"NotApplicable\" data-linkindex=\"0\">Departamento de Edifica\u00e7\u00f5es e Estradas de Rodagem de Minas Gerais (DER-MG)<\/a>, publicou nesta sexta-feira (3\/6) mais dois editais de licita\u00e7\u00f5es do Provias, maior pacote de obras rodovi\u00e1rias da \u00faltima d\u00e9cada.<\/p>\n<p>O primeiro edital (055\/2022) prev\u00ea um conjunto de obras que contemplam a implanta\u00e7\u00e3o e pavimenta\u00e7\u00e3o do trecho entre o Serro (al\u00e7a de contorno do bairro Machadinho) e o entroncamento da MG-010, com extens\u00e3o 1,36 quil\u00f4metro.\u00a0\u200b<\/p>\n<p>Ainda nesta regi\u00e3o, os 7,8 quil\u00f4metros do Contorno Sul do Serro, nas rodovias MGC-259 e MG-010, passar\u00e3o por melhorias com a recupera\u00e7\u00e3o funcional do pavimento.<\/p>\n<p>O mesmo edital prev\u00ea, ainda, a recupera\u00e7\u00e3o do pavimento no trecho entre o Serro e o distrito Deputado Augusto Clementino, com extens\u00e3o de 13,6 quil\u00f4metros, na rodovia MG-010. O valor para o conjunto das tr\u00eas obras est\u00e1 or\u00e7ado em R$ 22.911.839,23.<\/p>\n<p>J\u00e1 o segundo edital (059\/2022) vai definir a empresa que vai executar a recupera\u00e7\u00e3o funcional de 40,9 quil\u00f4metros da rodovia MG-108, trecho Mutum. O valor estimado para a execu\u00e7\u00e3o dos servi\u00e7os \u00e9 de R$ 7.771 790,44.<\/p>\n<p>At\u00e9 que seja finalizado o processo de licita\u00e7\u00e3o, a unidade do DER-MG em Manhumirim tem feito opera\u00e7\u00e3o tapa-buracos no trecho, para garantir a trafegabilidade na via.<\/p>\n<p>A abertura das propostas est\u00e1 agendada para o dia 7\/7, \u00e0s 9h, (edital 055\/2022) e para dia e 17\/7, \u00e0s 14h para o edital 059\/2022, na sede do DER-MG, em Belo Horizonte.<br aria-hidden=\"true\" \/><br aria-hidden=\"true\" \/><strong>Provias<\/strong><\/p>\n<p>As 99 interven\u00e7\u00f5es em rodovias contempladas pelo Provias est\u00e3o espalhadas de Norte a Sul do estado e contam com R$ 2 bilh\u00f5es em investimentos.<\/p>\n<p>O objetivo \u00e9 requalificar trechos da malha mineira com obras de pavimenta\u00e7\u00e3o, constru\u00e7\u00e3o de pontes e recupera\u00e7\u00e3o funcional das rodovias.<\/p>\n<p>O programa ainda tem potencial de adicionar ao PIB mineiro o montante de R$ 1,3 bilh\u00e3o e aumentar a arrecada\u00e7\u00e3o com impostos indiretos em cerca de R$ 225 milh\u00f5es.<\/p>\n<p>Os recursos s\u00e3o oriundos do Termo de Repara\u00e7\u00e3o assinado com a Vale em decorr\u00eancia do rompimento da barragem de Brumadinho, do Termo de Transa\u00e7\u00e3o e de Ajustamento de Conduta (TTAC) firmado entre o\u00a0<a href=\"https:\/\/www.mg.gov.br\/\" target=\"_blank\" rel=\"noopener noreferrer\" data-auth=\"NotApplicable\" data-linkindex=\"1\">Governo de Minas<\/a>\u00a0e a Funda\u00e7\u00e3o Renova, al\u00e9m de conv\u00eanios e emendas parlamentares estaduais e federais, parcerias com empresas e conv\u00eanios com prefeituras.<\/p>\n<p><span style=\"font-weight: 400;\">Fonte: Ag\u00eancia Minas <\/span><\/p>\n<\/div>\n<p><\/main><\/p>\n","protected":false},"excerpt":{"rendered":"<p>O Governo de Minas, por meio do\u00a0Departamento de Edifica\u00e7\u00f5es e Estradas de Rodagem de Minas Gerais (DER-MG), publicou nesta sexta-feira (3\/6) mais dois editais de licita\u00e7\u00f5es do Provias, maior pacote de obras rodovi\u00e1rias da \u00faltima d\u00e9cada. O primeiro edital (055\/2022) prev\u00ea um conjunto de obras que contemplam a implanta\u00e7\u00e3o e pavimenta\u00e7\u00e3o do trecho entre o [&hellip;]<\/p>\n","protected":false},"author":246,"featured_media":199868,"comment_status":"closed","ping_status":"closed","sticky":false,"template":"","format":"standard","meta":{"footnotes":""},"categories":[436,440,254,439],"tags":[],"class_list":["post-199867","post","type-post","status-publish","format-standard","has-post-thumbnail","hentry","category-destaque-da-semana","category-destaques-do-dia","category-politica","category-ultima-hora"],"_links":{"self":[{"href":"https:\/\/diarioregionaldigital.com.br\/index.php?rest_route=\/wp\/v2\/posts\/199867","targetHints":{"allow":["GET"]}}],"collection":[{"href":"https:\/\/diarioregionaldigital.com.br\/index.php?rest_route=\/wp\/v2\/posts"}],"about":[{"href":"https:\/\/diarioregionaldigital.com.br\/index.php?rest_route=\/wp\/v2\/types\/post"}],"author":[{"embeddable":true,"href":"https:\/\/diarioregionaldigital.com.br\/index.php?rest_route=\/wp\/v2\/users\/246"}],"replies":[{"embeddable":true,"href":"https:\/\/diarioregionaldigital.com.br\/index.php?rest_route=%2Fwp%2Fv2%2Fcomments&post=199867"}],"version-history":[{"count":1,"href":"https:\/\/diarioregionaldigital.com.br\/index.php?rest_route=\/wp\/v2\/posts\/199867\/revisions"}],"predecessor-version":[{"id":199869,"href":"https:\/\/diarioregionaldigital.com.br\/index.php?rest_route=\/wp\/v2\/posts\/199867\/revisions\/199869"}],"wp:featuredmedia":[{"embeddable":true,"href":"https:\/\/diarioregionaldigital.com.br\/index.php?rest_route=\/wp\/v2\/media\/199868"}],"wp:attachment":[{"href":"https:\/\/diarioregionaldigital.com.br\/index.php?rest_route=%2Fwp%2Fv2%2Fmedia&parent=199867"}],"wp:term":[{"taxonomy":"category","embeddable":true,"href":"https:\/\/diarioregionaldigital.com.br\/index.php?rest_route=%2Fwp%2Fv2%2Fcategories&post=199867"},{"taxonomy":"post_tag","embeddable":true,"href":"https:\/\/diarioregionaldigital.com.br\/index.php?rest_route=%2Fwp%2Fv2%2Ftags&post=199867"}],"curies":[{"name":"wp","href":"https:\/\/api.w.org\/{rel}","templated":true}]}}