{"id":199861,"date":"2022-06-03T20:00:00","date_gmt":"2022-06-03T23:00:00","guid":{"rendered":"https:\/\/diarioregionaldigital.com.br\/?p=199861"},"modified":"2022-06-03T20:00:00","modified_gmt":"2022-06-03T23:00:00","slug":"puxada-por-mercado-externo-bolsa-tem-maior-queda-em-duas-semanas","status":"publish","type":"post","link":"https:\/\/diarioregionaldigital.com.br\/?p=199861","title":{"rendered":"Puxada por mercado externo, bolsa tem maior queda em duas semanas"},"content":{"rendered":"<p>Puxada pelo temor da alta da infla\u00e7\u00e3o nos Estados Unidos, a bolsa de valores teve a maior queda em duas semanas, ap\u00f3s tr\u00eas altas consecutivas. O d\u00f3lar fechou em baixa, mas teve a primeira alta semanal desde o in\u00edcio\u00a0de maio.\u00a0<img decoding=\"async\" src=\"https:\/\/agenciabrasil.ebc.com.br\/ebc.png?id=1463697&amp;o=node\" \/><img decoding=\"async\" src=\"https:\/\/agenciabrasil.ebc.com.br\/ebc.gif?id=1463697&amp;o=node\" \/><\/p>\n<p>O \u00edndice Ibovespa, da B3, fechou aos 111.102 pontos, com queda de 1,15%. Esse foi o maior recuo di\u00e1rio desde\u00a018 de maio, quando o indicador tinha ca\u00eddo 2,3%. A bolsa de valores fechou a semana com queda de 0,75%, a primeira baixa depois de tr\u00eas semanas de ganhos.<\/p>\n<p>O d\u00f3lar comercial encerrou esta\u00a0sexta-feira (3) vendido a R$ 4,779, com recuo de R$ 0,01 (-0,2%). A cota\u00e7\u00e3o teve um dia vol\u00e1til, chegando a R$ 4,83 pouco antes das 10h, impulsionada pela divulga\u00e7\u00e3o de dados econ\u00f4micos nos Estados Unidos. No entanto, investidores aproveitaram o valor alto para venderam a moeda, empurrando a cota\u00e7\u00e3o para baixo durante a tarde.<\/p>\n<p>Com o desempenho de\u00a0hoje, a moeda norte-americana subiu 0,83% na semana. Essa foi a primeira alta desde a primeira semana\u00a0de maio. Em 2022, a divisa acumula queda de 14,28%.<\/p>\n<p>Contribuiu para a instabilidade no mercado internacional a divulga\u00e7\u00e3o dos dados do mercado de trabalho nos Estados Unidos. Em maio, a maior economia do planeta criou 390 mil empregos, n\u00famero superior \u00e0s expectativas.<\/p>\n<p>O bom desempenho do emprego aumentou os receios de que o Federal Reserve (Fed, Banco Central norte-americano) aumente os juros mais que o previsto para segurar a infla\u00e7\u00e3o nos Estados Unidos, que est\u00e1 no maior n\u00edvel em 40 anos. Taxas mais altas em economias avan\u00e7adas estimulam a fuga de capitais de pa\u00edses emergentes, como o Brasil.<\/p>\n<p><span style=\"font-weight: 400;\">Fonte: Ag\u00eancia Brasil <\/span><\/p>\n","protected":false},"excerpt":{"rendered":"<p>Puxada pelo temor da alta da infla\u00e7\u00e3o nos Estados Unidos, a bolsa de valores teve a maior queda em duas semanas, ap\u00f3s tr\u00eas altas consecutivas. O d\u00f3lar fechou em baixa, mas teve a primeira alta semanal desde o in\u00edcio\u00a0de maio.\u00a0 O \u00edndice Ibovespa, da B3, fechou aos 111.102 pontos, com queda de 1,15%. Esse foi [&hellip;]<\/p>\n","protected":false},"author":246,"featured_media":199862,"comment_status":"closed","ping_status":"closed","sticky":false,"template":"","format":"standard","meta":{"footnotes":""},"categories":[436,261,439],"tags":[],"class_list":["post-199861","post","type-post","status-publish","format-standard","has-post-thumbnail","hentry","category-destaque-da-semana","category-economia","category-ultima-hora"],"_links":{"self":[{"href":"https:\/\/diarioregionaldigital.com.br\/index.php?rest_route=\/wp\/v2\/posts\/199861","targetHints":{"allow":["GET"]}}],"collection":[{"href":"https:\/\/diarioregionaldigital.com.br\/index.php?rest_route=\/wp\/v2\/posts"}],"about":[{"href":"https:\/\/diarioregionaldigital.com.br\/index.php?rest_route=\/wp\/v2\/types\/post"}],"author":[{"embeddable":true,"href":"https:\/\/diarioregionaldigital.com.br\/index.php?rest_route=\/wp\/v2\/users\/246"}],"replies":[{"embeddable":true,"href":"https:\/\/diarioregionaldigital.com.br\/index.php?rest_route=%2Fwp%2Fv2%2Fcomments&post=199861"}],"version-history":[{"count":1,"href":"https:\/\/diarioregionaldigital.com.br\/index.php?rest_route=\/wp\/v2\/posts\/199861\/revisions"}],"predecessor-version":[{"id":199863,"href":"https:\/\/diarioregionaldigital.com.br\/index.php?rest_route=\/wp\/v2\/posts\/199861\/revisions\/199863"}],"wp:featuredmedia":[{"embeddable":true,"href":"https:\/\/diarioregionaldigital.com.br\/index.php?rest_route=\/wp\/v2\/media\/199862"}],"wp:attachment":[{"href":"https:\/\/diarioregionaldigital.com.br\/index.php?rest_route=%2Fwp%2Fv2%2Fmedia&parent=199861"}],"wp:term":[{"taxonomy":"category","embeddable":true,"href":"https:\/\/diarioregionaldigital.com.br\/index.php?rest_route=%2Fwp%2Fv2%2Fcategories&post=199861"},{"taxonomy":"post_tag","embeddable":true,"href":"https:\/\/diarioregionaldigital.com.br\/index.php?rest_route=%2Fwp%2Fv2%2Ftags&post=199861"}],"curies":[{"name":"wp","href":"https:\/\/api.w.org\/{rel}","templated":true}]}}