{"id":199852,"date":"2022-06-03T12:43:25","date_gmt":"2022-06-03T15:43:25","guid":{"rendered":"https:\/\/diarioregionaldigital.com.br\/?p=199852"},"modified":"2022-06-03T12:43:25","modified_gmt":"2022-06-03T15:43:25","slug":"com-rapida-acao-policia-militar-impede-assalto-a-posto-de-combustiveis-no-bairro-benfica","status":"publish","type":"post","link":"https:\/\/diarioregionaldigital.com.br\/?p=199852","title":{"rendered":"Com r\u00e1pida a\u00e7\u00e3o, Pol\u00edcia Militar impede assalto a posto de combust\u00edveis no bairro Benfica"},"content":{"rendered":"<p>Na madrugada desta sexta-feira, 03jun22 por volta das 04h17min, a Pol\u00edcia Militar compareceu na Av JK\/ Av Sime\u00e3o de<br \/>\nFaria no Benfica, num posto de combust\u00edveis onde populares haviam informado que estaria acontecendo um<br \/>\nroubo. Segundo relato do frentista \u2013 um homem de 52 anos, o autor simulando estar armado com arma de fogo<br \/>\nanunciou o roubo e ao perceber a chegada da Pol\u00edcia Militar evadiu, tendo a a\u00e7\u00e3o criminosa sido interrompida<br \/>\npela rapidez policial. O autor j\u00e1 foi identificado e a PM segue rastreamento.<\/p>\n","protected":false},"excerpt":{"rendered":"<p>Na madrugada desta sexta-feira, 03jun22 por volta das 04h17min, a Pol\u00edcia Militar compareceu na Av JK\/ Av Sime\u00e3o de Faria no Benfica, num posto de combust\u00edveis onde populares haviam informado que estaria acontecendo um roubo. Segundo relato do frentista \u2013 um homem de 52 anos, o autor simulando estar armado com arma de fogo anunciou [&hellip;]<\/p>\n","protected":false},"author":246,"featured_media":199853,"comment_status":"closed","ping_status":"closed","sticky":false,"template":"","format":"standard","meta":{"footnotes":""},"categories":[301,439],"tags":[],"class_list":["post-199852","post","type-post","status-publish","format-standard","has-post-thumbnail","hentry","category-artigos-policiais","category-ultima-hora"],"_links":{"self":[{"href":"https:\/\/diarioregionaldigital.com.br\/index.php?rest_route=\/wp\/v2\/posts\/199852","targetHints":{"allow":["GET"]}}],"collection":[{"href":"https:\/\/diarioregionaldigital.com.br\/index.php?rest_route=\/wp\/v2\/posts"}],"about":[{"href":"https:\/\/diarioregionaldigital.com.br\/index.php?rest_route=\/wp\/v2\/types\/post"}],"author":[{"embeddable":true,"href":"https:\/\/diarioregionaldigital.com.br\/index.php?rest_route=\/wp\/v2\/users\/246"}],"replies":[{"embeddable":true,"href":"https:\/\/diarioregionaldigital.com.br\/index.php?rest_route=%2Fwp%2Fv2%2Fcomments&post=199852"}],"version-history":[{"count":1,"href":"https:\/\/diarioregionaldigital.com.br\/index.php?rest_route=\/wp\/v2\/posts\/199852\/revisions"}],"predecessor-version":[{"id":199854,"href":"https:\/\/diarioregionaldigital.com.br\/index.php?rest_route=\/wp\/v2\/posts\/199852\/revisions\/199854"}],"wp:featuredmedia":[{"embeddable":true,"href":"https:\/\/diarioregionaldigital.com.br\/index.php?rest_route=\/wp\/v2\/media\/199853"}],"wp:attachment":[{"href":"https:\/\/diarioregionaldigital.com.br\/index.php?rest_route=%2Fwp%2Fv2%2Fmedia&parent=199852"}],"wp:term":[{"taxonomy":"category","embeddable":true,"href":"https:\/\/diarioregionaldigital.com.br\/index.php?rest_route=%2Fwp%2Fv2%2Fcategories&post=199852"},{"taxonomy":"post_tag","embeddable":true,"href":"https:\/\/diarioregionaldigital.com.br\/index.php?rest_route=%2Fwp%2Fv2%2Ftags&post=199852"}],"curies":[{"name":"wp","href":"https:\/\/api.w.org\/{rel}","templated":true}]}}