{"id":199845,"date":"2022-06-03T00:00:24","date_gmt":"2022-06-03T03:00:24","guid":{"rendered":"https:\/\/diarioregionaldigital.com.br\/?p=199845"},"modified":"2022-06-03T00:36:16","modified_gmt":"2022-06-03T03:36:16","slug":"pobres-de-espirito","status":"publish","type":"post","link":"https:\/\/diarioregionaldigital.com.br\/?p=199845","title":{"rendered":"Pobres de Esp\u00edrito"},"content":{"rendered":"<p>O Serm\u00e3o do Monte \u00e9 bastante conhecido. Foi nesse momento que Cristo estabeleceu os termos da Constitui\u00e7\u00e3o do Reino.<\/p>\n<p>Por\u00e9m, ele come\u00e7a com uma senten\u00e7a, \u00e0 primeira vista, um tanto enigm\u00e1tica. Leia e reflita, buscando entender o que Cristo quis nos dizer:<\/p>\n<p>\u201cBem-aventurados os pobres de esp\u00edrito, porque deles \u00e9 o Reino dos c\u00e9us;\u201d (Mateus 5: 3).<\/p>\n<p>Vamos de tr\u00e1s para frente: \u201cporque deles \u00e9 o Reino dos c\u00e9us\u201d, ou seja, o Reino de Deus, que tem Jesus Cristo como seu soberano, pertence aos \u201cpobres de esp\u00edrito\u201d?<\/p>\n<p>J\u00e1 o in\u00edcio designa os mesmos \u201cpobres de esp\u00edrito\u201d como \u201cbem-aventurados\u201d, ou seja, presenteados, contemplados, felizes! Isso faz sentido ?<\/p>\n<p>N\u00e3o \u00e9 incomum passar por esse texto sem compreend\u00ea-lo. Sem conseguir enxergar o pobre de esp\u00edrito como uma pessoa louv\u00e1vel, como podendo ser o herdeiro do Reino, pois a express\u00e3o pode remeter (erroneamente) a pensar serem tais pessoas \u201cpouco espiritualizadas\u201d.<\/p>\n<p>Na verdade, essa conclus\u00e3o diz mais a respeito de quem pensa do que sobre aquilo que se pensa. \u00c9 bem prov\u00e1vel que aquele que assim compreendeu a passagem \u00e9 quem precisa buscar ser mais \u201cespiritualizada\u201d.<\/p>\n<p>Sem saber, ela est\u00e1 julgando a si mesma quando pensa poder julgar os \u201ctais\u201d pobres de esp\u00edrito. Tal pessoa ainda n\u00e3o reconhece que ela mesma deve buscar ser um desses sujeitos, um pobre de esp\u00edrito.<\/p>\n<p>Por\u00e9m, no processo cont\u00ednuo de buscar conhecer os mist\u00e9rios do Alto, algum dia, essa pessoa chega ao entendimento que, na verdade, objetivamente, todos n\u00f3s estamos empobrecidos espiritualmente, pois longe de Deus n\u00e3o passamos de in\u00fateis (Rm 3.12)!<\/p>\n<p>\u00c9 preciso, portanto, reconhecer essa condi\u00e7\u00e3o para enxergar o valor da Gra\u00e7a do Pai que nos enriquece, que nos tira da mis\u00e9ria espiritual, e nos atrai para o maravilhoso reino de luz.<\/p>\n<p>Agora se sabe que o \u201cpobre de esp\u00edrito\u201d \u00e9 aquele que reconhece humildemente a sua fr\u00e1gil condi\u00e7\u00e3o humana e percebe que todos n\u00f3s somos completamente dependentes da miseric\u00f3rdia de Deus.<\/p>\n","protected":false},"excerpt":{"rendered":"<p>O Serm\u00e3o do Monte \u00e9 bastante conhecido. Foi nesse momento que Cristo estabeleceu os termos da Constitui\u00e7\u00e3o do Reino. Por\u00e9m, ele come\u00e7a com uma senten\u00e7a, \u00e0 primeira vista, um tanto enigm\u00e1tica. Leia e reflita, buscando entender o que Cristo quis nos dizer: \u201cBem-aventurados os pobres de esp\u00edrito, porque deles \u00e9 o Reino dos c\u00e9us;\u201d (Mateus [&hellip;]<\/p>\n","protected":false},"author":96,"featured_media":0,"comment_status":"closed","ping_status":"closed","sticky":false,"template":"","format":"standard","meta":{"footnotes":""},"categories":[1244],"tags":[],"class_list":["post-199845","post","type-post","status-publish","format-standard","hentry","category-oleg-abramov"],"_links":{"self":[{"href":"https:\/\/diarioregionaldigital.com.br\/index.php?rest_route=\/wp\/v2\/posts\/199845","targetHints":{"allow":["GET"]}}],"collection":[{"href":"https:\/\/diarioregionaldigital.com.br\/index.php?rest_route=\/wp\/v2\/posts"}],"about":[{"href":"https:\/\/diarioregionaldigital.com.br\/index.php?rest_route=\/wp\/v2\/types\/post"}],"author":[{"embeddable":true,"href":"https:\/\/diarioregionaldigital.com.br\/index.php?rest_route=\/wp\/v2\/users\/96"}],"replies":[{"embeddable":true,"href":"https:\/\/diarioregionaldigital.com.br\/index.php?rest_route=%2Fwp%2Fv2%2Fcomments&post=199845"}],"version-history":[{"count":1,"href":"https:\/\/diarioregionaldigital.com.br\/index.php?rest_route=\/wp\/v2\/posts\/199845\/revisions"}],"predecessor-version":[{"id":199846,"href":"https:\/\/diarioregionaldigital.com.br\/index.php?rest_route=\/wp\/v2\/posts\/199845\/revisions\/199846"}],"wp:attachment":[{"href":"https:\/\/diarioregionaldigital.com.br\/index.php?rest_route=%2Fwp%2Fv2%2Fmedia&parent=199845"}],"wp:term":[{"taxonomy":"category","embeddable":true,"href":"https:\/\/diarioregionaldigital.com.br\/index.php?rest_route=%2Fwp%2Fv2%2Fcategories&post=199845"},{"taxonomy":"post_tag","embeddable":true,"href":"https:\/\/diarioregionaldigital.com.br\/index.php?rest_route=%2Fwp%2Fv2%2Ftags&post=199845"}],"curies":[{"name":"wp","href":"https:\/\/api.w.org\/{rel}","templated":true}]}}