{"id":199840,"date":"2022-06-02T20:55:31","date_gmt":"2022-06-02T23:55:31","guid":{"rendered":"https:\/\/diarioregionaldigital.com.br\/?p=199840"},"modified":"2022-06-02T20:55:31","modified_gmt":"2022-06-02T23:55:31","slug":"prefeitura-e-acionada-para-fazer-limpeza-emergencial-no-viaduto-arquiteto-helio-fadel-araujo","status":"publish","type":"post","link":"https:\/\/diarioregionaldigital.com.br\/?p=199840","title":{"rendered":"Prefeitura \u00e9 acionada para fazer limpeza emergencial no Viaduto Arquiteto Helio F\u00e1del Araujo"},"content":{"rendered":"<p>Segundo informa\u00e7\u00f5es do site da Prefeitura de Juiz de Fora (PJF), na manh\u00e3 desta quinta-feira, 2, agentes de fiscaliza\u00e7\u00e3o da Secretaria de Mobilidade Urbana (SMU) da Prefeitura de Juiz de Fora (PJF), receberam um chamado com a informa\u00e7\u00e3o de que um caminh\u00e3o havia subido o Viaduto Arquiteto Helio F\u00e1del Araujo, seguindo da Avenida Francisco Bernardino at\u00e9 a Avenida Brasil, no Centro da cidade, com uma das laterais da ca\u00e7amba aberta, espalhando terra pela via. Com isso, o Departamento Municipal de Limpeza Urbana (Demlurb) foi acionado para fazer a limpeza.<\/p>\n<p>Os profissionais tiveram que raspar a terra e contaram com a ajuda de um caminh\u00e3o para fazerem a remo\u00e7\u00e3o do res\u00edduo. Parte da via direita do viaduto precisou ser interditada para a realiza\u00e7\u00e3o da limpeza. Como as equipes da PJF chegaram imediatamente ao local e havia pouco movimento no hor\u00e1rio do ocorrido, n\u00e3o houve grandes transtornos no tr\u00e2nsito.<\/p>\n<p>O respons\u00e1vel pelo derramamento da terra n\u00e3o foi localizado. De acordo com o C\u00f3digo de Tr\u00e2nsito Brasileiro (CTB), \u201ctransitar com ve\u00edculo derramando a carga que esteja trasportando\u201d gera multa de natureza grav\u00edssima, no valor de R$ 293,47. Al\u00e9m disso, o ve\u00edculo pode ser apreendido e o condutor recebe 7 pontos na habilita\u00e7\u00e3o.<\/p>\n<p>Em ocorr\u00eancias como essa ou que necessite do apoio da fiscaliza\u00e7\u00e3o da SMU, a popula\u00e7\u00e3o pode entrar em contato com a Central de Opera\u00e7\u00f5es dos Agentes de Tr\u00e2nsito atrav\u00e9s do telefone 2104-7400. J\u00e1 solicita\u00e7\u00f5es de servi\u00e7os de zeladoria em Juiz de Fora devem ser feitas no Gabinete de A\u00e7\u00e3o e Di\u00e1logo Comunit\u00e1rio (GADC), atrav\u00e9s de liga\u00e7\u00e3o telef\u00f4nica para (32) 3690-7241 ou via WhatsApp, utilizando o mesmo n\u00famero.<\/p>\n","protected":false},"excerpt":{"rendered":"<p>Segundo informa\u00e7\u00f5es do site da Prefeitura de Juiz de Fora (PJF), na manh\u00e3 desta quinta-feira, 2, agentes de fiscaliza\u00e7\u00e3o da Secretaria de Mobilidade Urbana (SMU) da Prefeitura de Juiz de Fora (PJF), receberam um chamado com a informa\u00e7\u00e3o de que um caminh\u00e3o havia subido o Viaduto Arquiteto Helio F\u00e1del Araujo, seguindo da Avenida Francisco Bernardino [&hellip;]<\/p>\n","protected":false},"author":246,"featured_media":199841,"comment_status":"closed","ping_status":"closed","sticky":false,"template":"","format":"standard","meta":{"footnotes":""},"categories":[253,436,439],"tags":[],"class_list":["post-199840","post","type-post","status-publish","format-standard","has-post-thumbnail","hentry","category-cidade","category-destaque-da-semana","category-ultima-hora"],"_links":{"self":[{"href":"https:\/\/diarioregionaldigital.com.br\/index.php?rest_route=\/wp\/v2\/posts\/199840","targetHints":{"allow":["GET"]}}],"collection":[{"href":"https:\/\/diarioregionaldigital.com.br\/index.php?rest_route=\/wp\/v2\/posts"}],"about":[{"href":"https:\/\/diarioregionaldigital.com.br\/index.php?rest_route=\/wp\/v2\/types\/post"}],"author":[{"embeddable":true,"href":"https:\/\/diarioregionaldigital.com.br\/index.php?rest_route=\/wp\/v2\/users\/246"}],"replies":[{"embeddable":true,"href":"https:\/\/diarioregionaldigital.com.br\/index.php?rest_route=%2Fwp%2Fv2%2Fcomments&post=199840"}],"version-history":[{"count":1,"href":"https:\/\/diarioregionaldigital.com.br\/index.php?rest_route=\/wp\/v2\/posts\/199840\/revisions"}],"predecessor-version":[{"id":199842,"href":"https:\/\/diarioregionaldigital.com.br\/index.php?rest_route=\/wp\/v2\/posts\/199840\/revisions\/199842"}],"wp:featuredmedia":[{"embeddable":true,"href":"https:\/\/diarioregionaldigital.com.br\/index.php?rest_route=\/wp\/v2\/media\/199841"}],"wp:attachment":[{"href":"https:\/\/diarioregionaldigital.com.br\/index.php?rest_route=%2Fwp%2Fv2%2Fmedia&parent=199840"}],"wp:term":[{"taxonomy":"category","embeddable":true,"href":"https:\/\/diarioregionaldigital.com.br\/index.php?rest_route=%2Fwp%2Fv2%2Fcategories&post=199840"},{"taxonomy":"post_tag","embeddable":true,"href":"https:\/\/diarioregionaldigital.com.br\/index.php?rest_route=%2Fwp%2Fv2%2Ftags&post=199840"}],"curies":[{"name":"wp","href":"https:\/\/api.w.org\/{rel}","templated":true}]}}