{"id":199837,"date":"2022-06-02T20:53:03","date_gmt":"2022-06-02T23:53:03","guid":{"rendered":"https:\/\/diarioregionaldigital.com.br\/?p=199837"},"modified":"2022-06-02T20:53:03","modified_gmt":"2022-06-02T23:53:03","slug":"prefeitura-reativa-conselho-municipal-de-transporte-e-transito","status":"publish","type":"post","link":"https:\/\/diarioregionaldigital.com.br\/?p=199837","title":{"rendered":"Prefeitura reativa Conselho Municipal de Transporte e Tr\u00e2nsito"},"content":{"rendered":"<p>Segundo informa\u00e7\u00f5es do site da Prefeitura de Juiz de Fora (PJF), a prefeita Margarida Salom\u00e3o empossou os novos membros do Conselho Municipal de Transporte e Tr\u00e2nsito (CMTT) durante cerim\u00f4nia realizada nesta quinta-feira, 2, na sede da Prefeitura de Juiz de Fora (PJF). A solenidade contou com a presen\u00e7a do secret\u00e1rio de Mobilidade Urbana, Tadeu David, que tamb\u00e9m \u00e9 presidente do \u00f3rg\u00e3o, e com a secret\u00e1ria de Governo, Cidinha Louzada, representando os membros da PJF. Os empossados cumprem mandato de dois anos.<\/p>\n<div id=\"box_texto_noticia\">\n<p>&nbsp;<\/p>\n<p>Ap\u00f3s assinar a portaria de nomea\u00e7\u00e3o dos conselheiros, a prefeita Margarida Salom\u00e3o enfatizou em seu discurso sobre a import\u00e2ncia do \u00f3rg\u00e3o para a cidade. \u201c\u00c9 um conselho bastante representativo. Sentimos muito a sua falta para assumir uma posi\u00e7\u00e3o no Comit\u00ea Gestor do Transporte Coletivo, que prev\u00ea que haja uma representa\u00e7\u00e3o dos usu\u00e1rios, que estava at\u00e9 o momento vazia. A mobiliza\u00e7\u00e3o deste Conselho de Transporte e Tr\u00e2nsito \u00e9 uma coisa que ajudar\u00e1 muito ao governo no Munic\u00edpio. Tenho absoluta confian\u00e7a de que as conselheiras e os conselheiros, agora empossados, ter\u00e3o um belo trabalho pela frente e muito contribuir\u00e3o para que n\u00f3s possamos enfrentar os nossos desafios\u201d<br \/>\n\u201cO conselho ficou por muito tempo desativado, desde 2019. Quando assumimos a gest\u00e3o no ano passado, iniciamos um trabalho intenso, que durou v\u00e1rios meses, para chegarmos at\u00e9 aqui\u201d, ressaltou o secret\u00e1rio e presidente do conselho, Tadeu David. As assembleias eletivas para a escolha dos membros da comunidade usu\u00e1ria foram realizadas em mar\u00e7o deste ano, ap\u00f3s n\u00e3o ter dado quorum nas elei\u00e7\u00f5es promovidas em 2021. A lei municipal n\u00ba 13.101, de 9 de fevereiro de 2015, disp\u00f5e sobre as atribui\u00e7\u00f5es e contribui\u00e7\u00f5es do conselho, que possui um total de 28 membros.<br \/>\nConfira no documento em anexo todos os novos membros do Conselho Municipal de Transporte e Tr\u00e2nsito.<\/p>\n<p><strong>Foto:<\/strong>\u00a0Carlos Mendon\u00e7a<\/div>\n<p>&nbsp;<\/p>\n<div class=\"texto_anexo\"><img loading=\"lazy\" decoding=\"async\" src=\"https:\/\/www.pjf.mg.gov.br\/imagens\/clips.jpg\" width=\"22\" height=\"20\" \/>\u00a0<a href=\"https:\/\/www.pjf.mg.gov.br\/noticias\/anexo\/PortarianomeacaoCMTT.pdf\" target=\"_blank\" rel=\"noopener\">Veja o anexo<\/a><\/div>\n","protected":false},"excerpt":{"rendered":"<p>Segundo informa\u00e7\u00f5es do site da Prefeitura de Juiz de Fora (PJF), a prefeita Margarida Salom\u00e3o empossou os novos membros do Conselho Municipal de Transporte e Tr\u00e2nsito (CMTT) durante cerim\u00f4nia realizada nesta quinta-feira, 2, na sede da Prefeitura de Juiz de Fora (PJF). A solenidade contou com a presen\u00e7a do secret\u00e1rio de Mobilidade Urbana, Tadeu David, [&hellip;]<\/p>\n","protected":false},"author":246,"featured_media":199838,"comment_status":"closed","ping_status":"closed","sticky":false,"template":"","format":"standard","meta":{"footnotes":""},"categories":[253,436,439],"tags":[],"class_list":["post-199837","post","type-post","status-publish","format-standard","has-post-thumbnail","hentry","category-cidade","category-destaque-da-semana","category-ultima-hora"],"_links":{"self":[{"href":"https:\/\/diarioregionaldigital.com.br\/index.php?rest_route=\/wp\/v2\/posts\/199837","targetHints":{"allow":["GET"]}}],"collection":[{"href":"https:\/\/diarioregionaldigital.com.br\/index.php?rest_route=\/wp\/v2\/posts"}],"about":[{"href":"https:\/\/diarioregionaldigital.com.br\/index.php?rest_route=\/wp\/v2\/types\/post"}],"author":[{"embeddable":true,"href":"https:\/\/diarioregionaldigital.com.br\/index.php?rest_route=\/wp\/v2\/users\/246"}],"replies":[{"embeddable":true,"href":"https:\/\/diarioregionaldigital.com.br\/index.php?rest_route=%2Fwp%2Fv2%2Fcomments&post=199837"}],"version-history":[{"count":1,"href":"https:\/\/diarioregionaldigital.com.br\/index.php?rest_route=\/wp\/v2\/posts\/199837\/revisions"}],"predecessor-version":[{"id":199839,"href":"https:\/\/diarioregionaldigital.com.br\/index.php?rest_route=\/wp\/v2\/posts\/199837\/revisions\/199839"}],"wp:featuredmedia":[{"embeddable":true,"href":"https:\/\/diarioregionaldigital.com.br\/index.php?rest_route=\/wp\/v2\/media\/199838"}],"wp:attachment":[{"href":"https:\/\/diarioregionaldigital.com.br\/index.php?rest_route=%2Fwp%2Fv2%2Fmedia&parent=199837"}],"wp:term":[{"taxonomy":"category","embeddable":true,"href":"https:\/\/diarioregionaldigital.com.br\/index.php?rest_route=%2Fwp%2Fv2%2Fcategories&post=199837"},{"taxonomy":"post_tag","embeddable":true,"href":"https:\/\/diarioregionaldigital.com.br\/index.php?rest_route=%2Fwp%2Fv2%2Ftags&post=199837"}],"curies":[{"name":"wp","href":"https:\/\/api.w.org\/{rel}","templated":true}]}}