{"id":199828,"date":"2022-06-02T20:41:54","date_gmt":"2022-06-02T23:41:54","guid":{"rendered":"https:\/\/diarioregionaldigital.com.br\/?p=199828"},"modified":"2022-06-02T20:41:54","modified_gmt":"2022-06-02T23:41:54","slug":"brasil-vence-a-segunda-na-liga-das-nacoes-feminina-3-a-0-na-polonia","status":"publish","type":"post","link":"https:\/\/diarioregionaldigital.com.br\/?p=199828","title":{"rendered":"Brasil vence a segunda na Liga das Na\u00e7\u00f5es feminina: 3 a 0 na Pol\u00f4nia"},"content":{"rendered":"<p>A sele\u00e7\u00e3o brasileira feminina de v\u00f4lei chegou \u00e0 segunda vit\u00f3ria em dois jogos na edi\u00e7\u00e3o 2022 da Liga das Na\u00e7\u00f5es de V\u00f4lei ao bater a Pol\u00f4nia por 3 sets a 0 (parciais de 25-23, 25-21 e 25-22). A equipe comandada por Jos\u00e9 Roberto Guimar\u00e3es havia vencido a Alemanha por 3 a 1 na estreia. O time volta \u00e0 quadra pela primeira etapa da competi\u00e7\u00e3o, que est\u00e1 sendo disputada em Shreveport-Bossier City (Estados Unidos) para encarar a Rep\u00fablica Dominicana na noite desta sexta (3), \u00e0s 19h (hor\u00e1rio de Bras\u00edlia).<img decoding=\"async\" src=\"https:\/\/agenciabrasil.ebc.com.br\/ebc.png?id=1463469&amp;o=node\" \/><img decoding=\"async\" src=\"https:\/\/agenciabrasil.ebc.com.br\/ebc.gif?id=1463469&amp;o=node\" \/><\/p>\n<p>Por mais que n\u00e3o tenha perdido nenhum set diante das polonesas, o Brasil encontrou algumas dificuldades, como \u00e9 poss\u00edvel perceber pela diferen\u00e7a de apenas oito pontos na soma das tr\u00eas parciais. A maior pontuadora da partida foi a central brasileira Carol, com 15, sendo sete em um fundamento em que o Brasil marcou a diferen\u00e7a contra as advers\u00e1rias: os bloqueios (12 a 6). Tamb\u00e9m chamou a aten\u00e7\u00e3o a discrep\u00e2ncia nos erros que viraram pontos para o outro time. A sele\u00e7\u00e3o se beneficiou de 26 equ\u00edvocos da Pol\u00f4nia, enquanto o Brasil cedeu apenas nove pontos em erros. Isso ajudou a compensar a diferen\u00e7a em pontos diretos do ataque (49 a 32 para as polonesas).<\/p>\n<p>A Liga das Na\u00e7\u00f5es \u00e9 dividida em tr\u00eas etapas, com quatro compromissos para as dezesseis sele\u00e7\u00f5es em cada uma delas. As oito melhores classificadas ao fim das tr\u00eas etapas partem para a fase final, que ser\u00e1 disputada em Ancara (Turquia) entre 13 e 17 de julho.<\/p>\n<p><span style=\"font-weight: 400;\">Fonte: Ag\u00eancia Brasil <\/span><\/p>\n","protected":false},"excerpt":{"rendered":"<p>A sele\u00e7\u00e3o brasileira feminina de v\u00f4lei chegou \u00e0 segunda vit\u00f3ria em dois jogos na edi\u00e7\u00e3o 2022 da Liga das Na\u00e7\u00f5es de V\u00f4lei ao bater a Pol\u00f4nia por 3 sets a 0 (parciais de 25-23, 25-21 e 25-22). A equipe comandada por Jos\u00e9 Roberto Guimar\u00e3es havia vencido a Alemanha por 3 a 1 na estreia. O [&hellip;]<\/p>\n","protected":false},"author":246,"featured_media":199829,"comment_status":"closed","ping_status":"closed","sticky":false,"template":"","format":"standard","meta":{"footnotes":""},"categories":[436,257,439],"tags":[],"class_list":["post-199828","post","type-post","status-publish","format-standard","has-post-thumbnail","hentry","category-destaque-da-semana","category-esporte","category-ultima-hora"],"_links":{"self":[{"href":"https:\/\/diarioregionaldigital.com.br\/index.php?rest_route=\/wp\/v2\/posts\/199828","targetHints":{"allow":["GET"]}}],"collection":[{"href":"https:\/\/diarioregionaldigital.com.br\/index.php?rest_route=\/wp\/v2\/posts"}],"about":[{"href":"https:\/\/diarioregionaldigital.com.br\/index.php?rest_route=\/wp\/v2\/types\/post"}],"author":[{"embeddable":true,"href":"https:\/\/diarioregionaldigital.com.br\/index.php?rest_route=\/wp\/v2\/users\/246"}],"replies":[{"embeddable":true,"href":"https:\/\/diarioregionaldigital.com.br\/index.php?rest_route=%2Fwp%2Fv2%2Fcomments&post=199828"}],"version-history":[{"count":1,"href":"https:\/\/diarioregionaldigital.com.br\/index.php?rest_route=\/wp\/v2\/posts\/199828\/revisions"}],"predecessor-version":[{"id":199830,"href":"https:\/\/diarioregionaldigital.com.br\/index.php?rest_route=\/wp\/v2\/posts\/199828\/revisions\/199830"}],"wp:featuredmedia":[{"embeddable":true,"href":"https:\/\/diarioregionaldigital.com.br\/index.php?rest_route=\/wp\/v2\/media\/199829"}],"wp:attachment":[{"href":"https:\/\/diarioregionaldigital.com.br\/index.php?rest_route=%2Fwp%2Fv2%2Fmedia&parent=199828"}],"wp:term":[{"taxonomy":"category","embeddable":true,"href":"https:\/\/diarioregionaldigital.com.br\/index.php?rest_route=%2Fwp%2Fv2%2Fcategories&post=199828"},{"taxonomy":"post_tag","embeddable":true,"href":"https:\/\/diarioregionaldigital.com.br\/index.php?rest_route=%2Fwp%2Fv2%2Ftags&post=199828"}],"curies":[{"name":"wp","href":"https:\/\/api.w.org\/{rel}","templated":true}]}}