{"id":199824,"date":"2022-06-02T20:40:16","date_gmt":"2022-06-02T23:40:16","guid":{"rendered":"https:\/\/diarioregionaldigital.com.br\/?p=199824"},"modified":"2022-06-02T20:40:16","modified_gmt":"2022-06-02T23:40:16","slug":"cbf-define-tabelas-das-series-a2-e-a3-do-brasileirao-feminino","status":"publish","type":"post","link":"https:\/\/diarioregionaldigital.com.br\/?p=199824","title":{"rendered":"CBF define tabelas das S\u00e9ries A2 e A3 do Brasileir\u00e3o Feminino"},"content":{"rendered":"<p>A Confedera\u00e7\u00e3o Brasileira de Futebol (CBF)\u00a0divulgou nesta\u00a0quinta-feira (2) os calend\u00e1rios das S\u00e9ries A2 e A3 do Campeonato Brasileiro de Futebol Feminino de 2022.\u00a0A primeira rodada dos dois campeonatos ser\u00e1 aberta no dia 11 de junho. Esta ser\u00e1 a primeira vez que a modalidade\u00a0ter\u00e1 tr\u00eas divis\u00f5es nacionais. A\u00a0competi\u00e7\u00e3o da S\u00e9rie A1 &#8211; cuja atual temporada come\u00e7ou em mar\u00e7o &#8211; teve in\u00edcio em 2013 e a estreia da\u00a0S\u00e9rie A2 ocorreu em 2017.<img decoding=\"async\" src=\"https:\/\/agenciabrasil.ebc.com.br\/ebc.png?id=1463443&amp;o=node\" \/><img decoding=\"async\" src=\"https:\/\/agenciabrasil.ebc.com.br\/ebc.gif?id=1463443&amp;o=node\" \/><\/p>\n<p>Os regulamentos ser\u00e3o diferentes para cada divis\u00e3o. Na A2, ser\u00e3o 16 times que come\u00e7am o campeonato divididos em quatro grupos com quatro equipes cada. Os dois primeiros de cada grupo avan\u00e7am \u00e0 fase de mata-mata, sempre em dois jogos, at\u00e9 a defini\u00e7\u00e3o do campe\u00e3o nos dias 10 e\u00a017 de setembro.<\/p>\n<p>Como alguns grupos possuem rivais de longa data, a tabela j\u00e1 separa alguns cl\u00e1ssicos logo no come\u00e7o: na primeira, Vasco e Botafogo se enfrentam pelo grupo B; na segunda, o Glorioso joga contra o Fluminense, enquanto Cear\u00e1 e Fortaleza se cruzam pelo grupo C.<\/p>\n<p>J\u00e1 na S\u00e9rie A3, ser\u00e3o 32 equipes e todo o campeonato ser\u00e1\u00a0disputado em\u00a0<a href=\"https:\/\/conteudo.cbf.com.br\/cdn\/202206\/20220601193913_364.pdf\">formato mata-mata.<\/a>\u00a0As cinco regi\u00f5es do pa\u00eds est\u00e3o representadas e os duelos foram organizados seguindo crit\u00e9rios geogr\u00e1ficos. Do in\u00edcio ao fim, a equipe que pertencer ao estado mais bem ranqueado no Ranking Nacional de Federa\u00e7\u00f5es far\u00e1 a\u00a0segunda\u00a0partida em casa. Caso o confronto seja de duas equipes do mesmo estado, a\u00ed valer\u00e1 o Ranking Nacional de Clubes do futebol feminino. Os dois jogos da decis\u00e3o est\u00e3o marcados para os dias 20 e\u00a027 de agosto.<\/p>\n<p>Justamente pelo crit\u00e9rio de emparelhamento por proximidade, a primeira fase tamb\u00e9m\u00a0ter\u00e1 confrontos de rivalidade regional, como Vila Nova-GO x Atl\u00e9tico Goianiense e N\u00e1utico x Sport.<\/p>\n<p><span style=\"font-weight: 400;\">Fonte: Ag\u00eancia Brasil <\/span><\/p>\n","protected":false},"excerpt":{"rendered":"<p>A Confedera\u00e7\u00e3o Brasileira de Futebol (CBF)\u00a0divulgou nesta\u00a0quinta-feira (2) os calend\u00e1rios das S\u00e9ries A2 e A3 do Campeonato Brasileiro de Futebol Feminino de 2022.\u00a0A primeira rodada dos dois campeonatos ser\u00e1 aberta no dia 11 de junho. Esta ser\u00e1 a primeira vez que a modalidade\u00a0ter\u00e1 tr\u00eas divis\u00f5es nacionais. A\u00a0competi\u00e7\u00e3o da S\u00e9rie A1 &#8211; cuja atual temporada come\u00e7ou [&hellip;]<\/p>\n","protected":false},"author":246,"featured_media":199825,"comment_status":"closed","ping_status":"closed","sticky":false,"template":"","format":"standard","meta":{"footnotes":""},"categories":[436,257,439],"tags":[],"class_list":["post-199824","post","type-post","status-publish","format-standard","has-post-thumbnail","hentry","category-destaque-da-semana","category-esporte","category-ultima-hora"],"_links":{"self":[{"href":"https:\/\/diarioregionaldigital.com.br\/index.php?rest_route=\/wp\/v2\/posts\/199824","targetHints":{"allow":["GET"]}}],"collection":[{"href":"https:\/\/diarioregionaldigital.com.br\/index.php?rest_route=\/wp\/v2\/posts"}],"about":[{"href":"https:\/\/diarioregionaldigital.com.br\/index.php?rest_route=\/wp\/v2\/types\/post"}],"author":[{"embeddable":true,"href":"https:\/\/diarioregionaldigital.com.br\/index.php?rest_route=\/wp\/v2\/users\/246"}],"replies":[{"embeddable":true,"href":"https:\/\/diarioregionaldigital.com.br\/index.php?rest_route=%2Fwp%2Fv2%2Fcomments&post=199824"}],"version-history":[{"count":2,"href":"https:\/\/diarioregionaldigital.com.br\/index.php?rest_route=\/wp\/v2\/posts\/199824\/revisions"}],"predecessor-version":[{"id":199827,"href":"https:\/\/diarioregionaldigital.com.br\/index.php?rest_route=\/wp\/v2\/posts\/199824\/revisions\/199827"}],"wp:featuredmedia":[{"embeddable":true,"href":"https:\/\/diarioregionaldigital.com.br\/index.php?rest_route=\/wp\/v2\/media\/199825"}],"wp:attachment":[{"href":"https:\/\/diarioregionaldigital.com.br\/index.php?rest_route=%2Fwp%2Fv2%2Fmedia&parent=199824"}],"wp:term":[{"taxonomy":"category","embeddable":true,"href":"https:\/\/diarioregionaldigital.com.br\/index.php?rest_route=%2Fwp%2Fv2%2Fcategories&post=199824"},{"taxonomy":"post_tag","embeddable":true,"href":"https:\/\/diarioregionaldigital.com.br\/index.php?rest_route=%2Fwp%2Fv2%2Ftags&post=199824"}],"curies":[{"name":"wp","href":"https:\/\/api.w.org\/{rel}","templated":true}]}}