{"id":199818,"date":"2022-06-02T20:38:19","date_gmt":"2022-06-02T23:38:19","guid":{"rendered":"https:\/\/diarioregionaldigital.com.br\/?p=199818"},"modified":"2022-06-02T20:38:19","modified_gmt":"2022-06-02T23:38:19","slug":"natacao-paralimpica-do-brasil-desembarca-em-portugal-para-mundial","status":"publish","type":"post","link":"https:\/\/diarioregionaldigital.com.br\/?p=199818","title":{"rendered":"Nata\u00e7\u00e3o paral\u00edmpica do Brasil desembarca em Portugal para Mundial"},"content":{"rendered":"<p>A sele\u00e7\u00e3o brasileira de nata\u00e7\u00e3o paral\u00edmpica chegou nesta\u00a0quinta-feira (2) a Funchal, na Ilha da Madeira\u00a0(Portugal), para disputa do Campeonato Mundial da modalidade, entre os dias 12 e 18 deste m\u00eas. A delega\u00e7\u00e3o re\u00fane 49 pessoas, sendo 29 nadadores e 20 integrantes de comiss\u00e3o t\u00e9cnica.<img decoding=\"async\" src=\"https:\/\/agenciabrasil.ebc.com.br\/ebc.png?id=1463322&amp;o=node\" \/><img decoding=\"async\" src=\"https:\/\/agenciabrasil.ebc.com.br\/ebc.gif?id=1463322&amp;o=node\" \/><\/p>\n<p>A jornada at\u00e9 o Velho Continente come\u00e7ou na tarde de\u00a0quarta-feira (1\u00ba). A equipe foi separada em dois voos, que sa\u00edram do aeroporto de Guarulhos (SP). Um deles foi direto para Lisboa (Portugal). O outro fez escala em Recife antes de rumar \u00e0 capital portuguesa. A delega\u00e7\u00e3o ainda encarou mais 1h40 de avi\u00e3o at\u00e9 Funchal, chegando \u00e0 sede do Mundial por volta das 6h (hor\u00e1rio de Bras\u00edlia) desta\u00a0quinta (2).<\/p>\n<p>A maior parte da equipe brasileira teve de atingir os \u00edndices exigidos pelo Comit\u00ea Paral\u00edmpico Brasileiro (CPB) para se credenciar ao Mundial. Dos 29 integrantes, 23 buscaram as marcas em abril, nas duas primeiras fases nacionais da nata\u00e7\u00e3o paral\u00edmpica, realizadas no Centro de Treinamento Paral\u00edmpico, em S\u00e3o Paulo, enquanto Larissa Rodrigues o fez na etapa de Berlim (Alemanha) do circuito internacional da modalidade.<\/p>\n<p>Os outros cinco nadadores j\u00e1 estavam assegurados pelas medalhas de ouro obtidas na Paralimp\u00edada de T\u00f3quio (Jap\u00e3o), no ano passado: Talisson Glock, Carol Santiago, Gabriel Ara\u00fajo, Wendel Belarmino e Gabriel Bandeira. Este \u00faltimo chega embalado pela quebra, em abril, do recorde mundial dos cem metros borboleta da classe S14 (defici\u00eancia intelectual), prova em que foi campe\u00e3o na capital japonesa.<\/p>\n<p>&#8220;Espero melhorar minhas marcas. Bati o recorde mundial cansado, ent\u00e3o acho que, descansado, as marcas ser\u00e3o melhores. Estou mais maduro mentalmente. Trabalhei bastante nisso depois de T\u00f3quio, onde tive alguns imprevistos, de segurar muito em uma prova, errar a estrat\u00e9gia em outra. Ajustei bastante isso para buscar as finais e quem sabe as medalhas&#8221;, disse Bandeira, que disputar\u00e1 o primeiro Mundial da carreira, \u00e0 Ag\u00eancia Brasil.<\/p>\n<p>Outra estreante \u00e9 L\u00eddia Cruz, que\u00a0ter\u00e1 pela frente o primeiro grande evento paral\u00edmpico defendendo a sele\u00e7\u00e3o brasileira. Apesar disso, a nadadora da classe S4 (defici\u00eancia f\u00edsico-motora) desponta como candidata ao p\u00f3dio nos 200 metros livre, disputa na qual ocupa o segundo lugar do ranking mundial em 2022, atr\u00e1s somente da alem\u00e3 Tanja Scholz.<\/p>\n<p>&#8220;A expectativa \u00e9 grande. \u00c9 o resultado de tanto treino, uma conquista grande. N\u00e3o vejo a medalha t\u00e3o distante, mas tamb\u00e9m acho que excesso de confian\u00e7a n\u00e3o ajuda muito. Ent\u00e3o, estou equilibrada para buscar uma medalha, grandes resultados e assustar o povo l\u00e1 fora [risos]&#8221;, comentou L\u00eddia.<\/p>\n<p>No \u00faltimo Mundial, realizado em Londres (Inglaterra), em 2019, o Brasil foi 17 vezes ao p\u00f3dio, com cinco ouros. No anterior, dois anos antes, na Cidade do M\u00e9xico, os brasileiros souberam aproveitar o evento mais esvaziado (brit\u00e2nicos e russos abriram m\u00e3o do evento devido a um terremoto que matou mais de 200 pessoas na capital mexicana e adiou a competi\u00e7\u00e3o em quase dois meses) e conquistaram 36 medalhas (18 douradas).<\/p>\n<p>&#8220;\u00c9 o primeiro ano do ciclo dos Jogos [Paral\u00edmpicos] de Paris [Fran\u00e7a, em 2024]. Nas competi\u00e7\u00f5es que tivemos, os atletas mostraram boas performances, grande parte deles nadando melhor que em T\u00f3quio. \u00c9 um campeonato com incertezas, pela quest\u00e3o envolvendo Ucr\u00e2nia e R\u00fassia e porque os chineses n\u00e3o costumam disputar o primeiro dos dois Mundiais do ciclo. Ent\u00e3o, n\u00e3o d\u00e1 para saber bem como est\u00e3o nossos advers\u00e1rios. N\u00e3o tivemos tantas competi\u00e7\u00f5es assim, mas pelo que vimos nas etapas do circuito e dos nossos resultados, a expectativa \u00e9 muito boa&#8221;, projetou o t\u00e9cnico-chefe da sele\u00e7\u00e3o de nata\u00e7\u00e3o paral\u00edmpica, Leonardo Tomasello.<\/p>\n<p><span style=\"font-weight: 400;\">Fonte: Ag\u00eancia Brasil\u00a0<\/span><span style=\"font-weight: 400;\"><br \/>\n<\/span><\/p>\n","protected":false},"excerpt":{"rendered":"<p>A sele\u00e7\u00e3o brasileira de nata\u00e7\u00e3o paral\u00edmpica chegou nesta\u00a0quinta-feira (2) a Funchal, na Ilha da Madeira\u00a0(Portugal), para disputa do Campeonato Mundial da modalidade, entre os dias 12 e 18 deste m\u00eas. A delega\u00e7\u00e3o re\u00fane 49 pessoas, sendo 29 nadadores e 20 integrantes de comiss\u00e3o t\u00e9cnica. A jornada at\u00e9 o Velho Continente come\u00e7ou na tarde de\u00a0quarta-feira (1\u00ba). [&hellip;]<\/p>\n","protected":false},"author":246,"featured_media":199819,"comment_status":"closed","ping_status":"closed","sticky":false,"template":"","format":"standard","meta":{"footnotes":""},"categories":[436,257,439],"tags":[],"class_list":["post-199818","post","type-post","status-publish","format-standard","has-post-thumbnail","hentry","category-destaque-da-semana","category-esporte","category-ultima-hora"],"_links":{"self":[{"href":"https:\/\/diarioregionaldigital.com.br\/index.php?rest_route=\/wp\/v2\/posts\/199818","targetHints":{"allow":["GET"]}}],"collection":[{"href":"https:\/\/diarioregionaldigital.com.br\/index.php?rest_route=\/wp\/v2\/posts"}],"about":[{"href":"https:\/\/diarioregionaldigital.com.br\/index.php?rest_route=\/wp\/v2\/types\/post"}],"author":[{"embeddable":true,"href":"https:\/\/diarioregionaldigital.com.br\/index.php?rest_route=\/wp\/v2\/users\/246"}],"replies":[{"embeddable":true,"href":"https:\/\/diarioregionaldigital.com.br\/index.php?rest_route=%2Fwp%2Fv2%2Fcomments&post=199818"}],"version-history":[{"count":2,"href":"https:\/\/diarioregionaldigital.com.br\/index.php?rest_route=\/wp\/v2\/posts\/199818\/revisions"}],"predecessor-version":[{"id":199821,"href":"https:\/\/diarioregionaldigital.com.br\/index.php?rest_route=\/wp\/v2\/posts\/199818\/revisions\/199821"}],"wp:featuredmedia":[{"embeddable":true,"href":"https:\/\/diarioregionaldigital.com.br\/index.php?rest_route=\/wp\/v2\/media\/199819"}],"wp:attachment":[{"href":"https:\/\/diarioregionaldigital.com.br\/index.php?rest_route=%2Fwp%2Fv2%2Fmedia&parent=199818"}],"wp:term":[{"taxonomy":"category","embeddable":true,"href":"https:\/\/diarioregionaldigital.com.br\/index.php?rest_route=%2Fwp%2Fv2%2Fcategories&post=199818"},{"taxonomy":"post_tag","embeddable":true,"href":"https:\/\/diarioregionaldigital.com.br\/index.php?rest_route=%2Fwp%2Fv2%2Ftags&post=199818"}],"curies":[{"name":"wp","href":"https:\/\/api.w.org\/{rel}","templated":true}]}}