{"id":199814,"date":"2022-06-02T20:36:14","date_gmt":"2022-06-02T23:36:14","guid":{"rendered":"https:\/\/diarioregionaldigital.com.br\/?p=199814"},"modified":"2022-06-02T20:36:14","modified_gmt":"2022-06-02T23:36:14","slug":"brasil-goleia-coreia-do-sul-por-5-a-1-com-dois-de-penalti-de-neymar","status":"publish","type":"post","link":"https:\/\/diarioregionaldigital.com.br\/?p=199814","title":{"rendered":"Brasil goleia Coreia do Sul por 5 a 1, com dois de p\u00eanalti de Neymar"},"content":{"rendered":"<p>A sele\u00e7\u00e3o brasileira derrotou a Coreia do Sul por 5 a 1 nesta\u00a0quinta-feira (2) em amistoso preparat\u00f3rio para a Copa do Mundo do Catar. A partida foi realizada no est\u00e1dio Copa do Mundo, na capital Seul.<img decoding=\"async\" src=\"https:\/\/agenciabrasil.ebc.com.br\/ebc.png?id=1463305&amp;o=node\" \/><img decoding=\"async\" src=\"https:\/\/agenciabrasil.ebc.com.br\/ebc.gif?id=1463305&amp;o=node\" \/><\/p>\n<p>O Brasil abriu o placar com Richarlison. Na sequ\u00eancia, os coreanos empataram. Depois disso, os brasileiros deslancharam, com Neymar, que marcou duas vezes de p\u00eanalti, al\u00e9m de Philippe Coutinho e Gabriel Jesus.<\/p>\n<p>O segundo amistoso preparat\u00f3rio para o\u00a0Mundial do Catar\u00a0ser\u00e1 contra o Jap\u00e3o, na pr\u00f3xima segunda-feira (6), \u00e0s 7h20 (hor\u00e1rio de Bras\u00edlia), no est\u00e1dio Nacional de T\u00f3quio, na capital asi\u00e1tica.<\/p>\n<p>Em seguida, os comandados de Tite v\u00e3o enfrentar a sele\u00e7\u00e3o argentina em\u00a0setembro, em partida adiada das Eliminat\u00f3rias Sul-Americanas.<\/p>\n<p>O Brasil estreia na Copa do Mundo contra a S\u00e9rvia no dia\u00a024 de novembro, pelo Grupo G. Na sequ\u00eancia, encara Su\u00ed\u00e7a e Camar\u00f5es na Fase de Grupos.<\/p>\n<p><span style=\"font-weight: 400;\"><br \/>\n<\/span><span style=\"font-weight: 400;\">Fonte: Ag\u00eancia Brasil <\/span><\/p>\n","protected":false},"excerpt":{"rendered":"<p>A sele\u00e7\u00e3o brasileira derrotou a Coreia do Sul por 5 a 1 nesta\u00a0quinta-feira (2) em amistoso preparat\u00f3rio para a Copa do Mundo do Catar. A partida foi realizada no est\u00e1dio Copa do Mundo, na capital Seul. O Brasil abriu o placar com Richarlison. Na sequ\u00eancia, os coreanos empataram. Depois disso, os brasileiros deslancharam, com Neymar, [&hellip;]<\/p>\n","protected":false},"author":246,"featured_media":199815,"comment_status":"closed","ping_status":"closed","sticky":false,"template":"","format":"standard","meta":{"footnotes":""},"categories":[436,440,257,439],"tags":[],"class_list":["post-199814","post","type-post","status-publish","format-standard","has-post-thumbnail","hentry","category-destaque-da-semana","category-destaques-do-dia","category-esporte","category-ultima-hora"],"_links":{"self":[{"href":"https:\/\/diarioregionaldigital.com.br\/index.php?rest_route=\/wp\/v2\/posts\/199814","targetHints":{"allow":["GET"]}}],"collection":[{"href":"https:\/\/diarioregionaldigital.com.br\/index.php?rest_route=\/wp\/v2\/posts"}],"about":[{"href":"https:\/\/diarioregionaldigital.com.br\/index.php?rest_route=\/wp\/v2\/types\/post"}],"author":[{"embeddable":true,"href":"https:\/\/diarioregionaldigital.com.br\/index.php?rest_route=\/wp\/v2\/users\/246"}],"replies":[{"embeddable":true,"href":"https:\/\/diarioregionaldigital.com.br\/index.php?rest_route=%2Fwp%2Fv2%2Fcomments&post=199814"}],"version-history":[{"count":2,"href":"https:\/\/diarioregionaldigital.com.br\/index.php?rest_route=\/wp\/v2\/posts\/199814\/revisions"}],"predecessor-version":[{"id":199817,"href":"https:\/\/diarioregionaldigital.com.br\/index.php?rest_route=\/wp\/v2\/posts\/199814\/revisions\/199817"}],"wp:featuredmedia":[{"embeddable":true,"href":"https:\/\/diarioregionaldigital.com.br\/index.php?rest_route=\/wp\/v2\/media\/199815"}],"wp:attachment":[{"href":"https:\/\/diarioregionaldigital.com.br\/index.php?rest_route=%2Fwp%2Fv2%2Fmedia&parent=199814"}],"wp:term":[{"taxonomy":"category","embeddable":true,"href":"https:\/\/diarioregionaldigital.com.br\/index.php?rest_route=%2Fwp%2Fv2%2Fcategories&post=199814"},{"taxonomy":"post_tag","embeddable":true,"href":"https:\/\/diarioregionaldigital.com.br\/index.php?rest_route=%2Fwp%2Fv2%2Ftags&post=199814"}],"curies":[{"name":"wp","href":"https:\/\/api.w.org\/{rel}","templated":true}]}}