{"id":199807,"date":"2022-06-02T20:25:29","date_gmt":"2022-06-02T23:25:29","guid":{"rendered":"https:\/\/diarioregionaldigital.com.br\/?p=199807"},"modified":"2022-06-02T20:25:29","modified_gmt":"2022-06-02T23:25:29","slug":"pista-central-do-contorno-sul-de-montes-claros-recebe-obras-de-restauracao","status":"publish","type":"post","link":"https:\/\/diarioregionaldigital.com.br\/?p=199807","title":{"rendered":"Pista Central do Contorno Sul de Montes Claros recebe obras de restaura\u00e7\u00e3o"},"content":{"rendered":"<p>O\u00a0<a href=\"http:\/\/www.der.mg.gov.br\/\" target=\"_blank\" rel=\"noopener noreferrer\" data-auth=\"NotApplicable\" data-linkindex=\"0\">Departamento de Edifica\u00e7\u00f5es e Estradas de Rodagem de Minas Gerais (DER-MG)<\/a>\u00a0iniciou, nesta quinta-feira (2\/6), as obras de recupera\u00e7\u00e3o funcional da pista central do Contorno Sul de Montes Claros, na regi\u00e3o Norte do estado.<\/p>\n<p>Os trabalhos ser\u00e3o executados em cerca de cinco quil\u00f4metros, na liga\u00e7\u00e3o das rodovias BR-135 e BR-365. Os investimentos s\u00e3o de R$ 5,28 milh\u00f5es, por meio do Provias, maior pacote de obras rodovi\u00e1rias da \u00faltima d\u00e9cada.<\/p>\n<p>O trecho vai receber servi\u00e7os de remendo profundo e fresagem com aplica\u00e7\u00e3o de nova capa asf\u00e1ltica, al\u00e9m de nova sinaliza\u00e7\u00e3o horizontal e vertical e implanta\u00e7\u00e3o de defensas met\u00e1licas, dispositivo de seguran\u00e7a que evita a sa\u00edda do ve\u00edculo da pista em casos de colis\u00e3o.<\/p>\n<p>Neste mesmo trecho, o DER-MG vem executando as obras de implanta\u00e7\u00e3o e pavimenta\u00e7\u00e3o das vias laterais, sendo duas pistas de 4,63 quil\u00f4metros cada, com investimentos de R$ 16 milh\u00f5es, tamb\u00e9m por meio do Provias. Nesta interven\u00e7\u00e3o, 60% dos trabalhos est\u00e3o conclu\u00eddos.<\/p>\n<p>As obras v\u00e3o impactar positivamente a economia de Montes Claros, que tem a ind\u00fastria e o com\u00e9rcio como importantes atividades e \u00e9 considerada um munic\u00edpio polo da regi\u00e3o.<\/p>\n<p><b>Redu\u00e7\u00e3o de acidentes<\/b><br aria-hidden=\"true\" \/><br aria-hidden=\"true\" \/>A recupera\u00e7\u00e3o da via central e a conclus\u00e3o das obras das pistas laterais v\u00e3o diminuir a intera\u00e7\u00e3o entre o tr\u00e1fego local e o de longa dist\u00e2ncia, contribuindo, assim, para a redu\u00e7\u00e3o do n\u00famero de acidentes no local, que recebe aproximadamente quatro mil ve\u00edculos por dia.<\/p>\n<p>Para o diretor-geral do DER-MG, as obras do anel vi\u00e1rio v\u00e3o contribuir significativamente para a melhoria da mobilidade urbana de Montes Claros e regi\u00e3o. \u201cEsta \u00e9 uma obra rodovi\u00e1ria reivindicada ao poder p\u00fablico h\u00e1 muito tempo. A viabiliza\u00e7\u00e3o, por meio do Provias, vai reduzir o tempo gasto em deslocamentos para quem circula pela regi\u00e3o, assim como o risco de acidentes\u201d, refor\u00e7a.<\/p>\n<p><b>Provias<\/b><\/p>\n<p>As 99 interven\u00e7\u00f5es em rodovias contempladas pelo Provias est\u00e3o espalhadas de Norte a Sul do estado e contam com R$ 2 bilh\u00f5es em investimentos.<\/p>\n<p>O objetivo \u00e9 requalificar trechos da malha mineira com obras de pavimenta\u00e7\u00e3o, constru\u00e7\u00e3o de pontes e recupera\u00e7\u00e3o funcional das rodovias.<\/p>\n<p>O programa ainda tem potencial de adicionar ao PIB mineiro o montante de R$ 1,3 bilh\u00e3o e aumentar a arrecada\u00e7\u00e3o com impostos indiretos em cerca de R$ 225 milh\u00f5es.<\/p>\n<p>Os recursos s\u00e3o oriundos do Termo de Repara\u00e7\u00e3o assinado com a Vale em decorr\u00eancia do rompimento da barragem de Brumadinho, do Termo de Transa\u00e7\u00e3o e de Ajustamento de Conduta (TTAC) firmado entre o\u00a0<a href=\"https:\/\/www.mg.gov.br\/\" target=\"_blank\" rel=\"noopener noreferrer\" data-auth=\"NotApplicable\" data-linkindex=\"1\">Governo de Minas<\/a>\u00a0e a Funda\u00e7\u00e3o Renova, al\u00e9m de conv\u00eanios e emendas parlamentares estaduais e federais, parcerias com empresas e conv\u00eanios com prefeituras.<\/p>\n<p><span style=\"font-weight: 400;\">Fonte: Ag\u00eancia Minas\u00a0 <\/span><\/p>\n","protected":false},"excerpt":{"rendered":"<p>O\u00a0Departamento de Edifica\u00e7\u00f5es e Estradas de Rodagem de Minas Gerais (DER-MG)\u00a0iniciou, nesta quinta-feira (2\/6), as obras de recupera\u00e7\u00e3o funcional da pista central do Contorno Sul de Montes Claros, na regi\u00e3o Norte do estado. Os trabalhos ser\u00e3o executados em cerca de cinco quil\u00f4metros, na liga\u00e7\u00e3o das rodovias BR-135 e BR-365. Os investimentos s\u00e3o de R$ 5,28 [&hellip;]<\/p>\n","protected":false},"author":246,"featured_media":199808,"comment_status":"closed","ping_status":"closed","sticky":false,"template":"","format":"standard","meta":{"footnotes":""},"categories":[436,254,439],"tags":[],"class_list":["post-199807","post","type-post","status-publish","format-standard","has-post-thumbnail","hentry","category-destaque-da-semana","category-politica","category-ultima-hora"],"_links":{"self":[{"href":"https:\/\/diarioregionaldigital.com.br\/index.php?rest_route=\/wp\/v2\/posts\/199807","targetHints":{"allow":["GET"]}}],"collection":[{"href":"https:\/\/diarioregionaldigital.com.br\/index.php?rest_route=\/wp\/v2\/posts"}],"about":[{"href":"https:\/\/diarioregionaldigital.com.br\/index.php?rest_route=\/wp\/v2\/types\/post"}],"author":[{"embeddable":true,"href":"https:\/\/diarioregionaldigital.com.br\/index.php?rest_route=\/wp\/v2\/users\/246"}],"replies":[{"embeddable":true,"href":"https:\/\/diarioregionaldigital.com.br\/index.php?rest_route=%2Fwp%2Fv2%2Fcomments&post=199807"}],"version-history":[{"count":2,"href":"https:\/\/diarioregionaldigital.com.br\/index.php?rest_route=\/wp\/v2\/posts\/199807\/revisions"}],"predecessor-version":[{"id":199810,"href":"https:\/\/diarioregionaldigital.com.br\/index.php?rest_route=\/wp\/v2\/posts\/199807\/revisions\/199810"}],"wp:featuredmedia":[{"embeddable":true,"href":"https:\/\/diarioregionaldigital.com.br\/index.php?rest_route=\/wp\/v2\/media\/199808"}],"wp:attachment":[{"href":"https:\/\/diarioregionaldigital.com.br\/index.php?rest_route=%2Fwp%2Fv2%2Fmedia&parent=199807"}],"wp:term":[{"taxonomy":"category","embeddable":true,"href":"https:\/\/diarioregionaldigital.com.br\/index.php?rest_route=%2Fwp%2Fv2%2Fcategories&post=199807"},{"taxonomy":"post_tag","embeddable":true,"href":"https:\/\/diarioregionaldigital.com.br\/index.php?rest_route=%2Fwp%2Fv2%2Ftags&post=199807"}],"curies":[{"name":"wp","href":"https:\/\/api.w.org\/{rel}","templated":true}]}}