{"id":199801,"date":"2022-06-02T20:20:50","date_gmt":"2022-06-02T23:20:50","guid":{"rendered":"https:\/\/diarioregionaldigital.com.br\/?p=199801"},"modified":"2022-06-02T20:20:50","modified_gmt":"2022-06-02T23:20:50","slug":"governador-se-reune-com-lideres-empresariais-de-80-cidades-mineiras","status":"publish","type":"post","link":"https:\/\/diarioregionaldigital.com.br\/?p=199801","title":{"rendered":"Governador se re\u00fane com l\u00edderes empresariais de 80 cidades mineiras"},"content":{"rendered":"<p>O governador Romeu Zema esteve com representantes de associa\u00e7\u00f5es comerciais, nesta quinta-feira (2\/6), em Belo Horizonte, para falar sobre a\u00e7\u00f5es para o desenvolvimento econ\u00f4mico do estado.<\/p>\n<p>O chefe do Executivo mineiro participou do Encontro de Presidentes 2022 da Federa\u00e7\u00e3o das Associa\u00e7\u00f5es Comerciais, Industriais, Agropecu\u00e1rias e de Servi\u00e7os do Estado de Minas Gerais (Federaminas), entidade criada em 1954 e que engloba 300 associa\u00e7\u00f5es comerciais dos quatro principais setores da economia mineira. O evento reuniu l\u00edderes empresariais de mais de 80 cidades.<\/p>\n<p>O presidente da Federaminas, Valmir Rodrigues da Silva, fez perguntas elaboradas por seus associados ao governador, como a demanda por melhorias nas estradas que cortam o estado. Zema destacou o lan\u00e7amento do programa Provias. \u201cEstamos fazendo o maior investimento nas estradas dos \u00faltimos dez anos, porque durante esse per\u00edodo o que Minas Gerais ficava fazendo era opera\u00e7\u00e3o tapa buraco\u201d.<\/p>\n<p>Ao lado do secret\u00e1rio de Estado de\u00a0<a href=\"http:\/\/www.desenvolvimento.mg.gov.br\/\" target=\"_blank\" rel=\"noopener\">Desenvolvimento Econ\u00f4mico<\/a>, Fernando Passalio, Zema destacou que o programa est\u00e1 em sua primeira etapa, dedicada aos trechos mais cr\u00edticos, mas que pretende estender tais melhorias para toda a malha vi\u00e1ria do estado.<\/p>\n<p><strong>Impostos e recupera\u00e7\u00e3o fiscal<\/strong><\/p>\n<p>O governador tamb\u00e9m foi questionado a respeito de dois t\u00f3picos de interesses dos representantes das associa\u00e7\u00f5es comerciais: a diferen\u00e7a de al\u00edquotas de Imposto sobre Circula\u00e7\u00e3o de Mercadorias e Presta\u00e7\u00e3o de Servi\u00e7os (ICMS) entre as unidades federativas (Difal) e o Regime de Recupera\u00e7\u00e3o Fiscal.<\/p>\n<p>Ele pontuou que, conforme anunciado no m\u00eas passado, o governo vai apresentar a proposta de um novo regulamento do ICMS ainda este ano, como forma de desburocratizar e simplificar o imposto, que teve sua \u00faltima revis\u00e3o em 2002 no estado. Zema convidou a Federaminas a participar da elabora\u00e7\u00e3o do documento, lembrando a proximidade da gest\u00e3o com outras entidades para a constru\u00e7\u00e3o de pol\u00edticas p\u00fablicas, como a Federa\u00e7\u00e3o das Ind\u00fastrias do Estado de Minas Gerais (Fiemg) e Federa\u00e7\u00e3o da Agricultura e Pecu\u00e1ria do Estado de Minas Gerais (Faemg).<\/p>\n<p><strong>Di\u00e1logo<\/strong><\/p>\n<p>Para o presidente da Federaminas, Valmir Rodrigues da Silva, o evento foi uma oportunidade de aprimorar a parceria do setor com o governo. \u201cEsse encontro foi um alinhamento para a continuidade do desenvolvimento econ\u00f4mico do estado, que passa pelas nossas associa\u00e7\u00f5es e nosso setor\u201d, enalteceu.<\/p>\n<p>O governador destacou ainda, durante a conversa com os representantes das associa\u00e7\u00f5es de empres\u00e1rios, que desde 2019 o governo j\u00e1 atraiu mais de R$ 230 bilh\u00f5es em investimentos, valor bastante superior \u00e0 meta para os quatros anos de gest\u00e3o, que era de R$ 150 bilh\u00f5es.<\/p>\n<p><span style=\"font-weight: 400;\">Fonte: Ag\u00eancia Minas\u00a0 <\/span><\/p>\n","protected":false},"excerpt":{"rendered":"<p>O governador Romeu Zema esteve com representantes de associa\u00e7\u00f5es comerciais, nesta quinta-feira (2\/6), em Belo Horizonte, para falar sobre a\u00e7\u00f5es para o desenvolvimento econ\u00f4mico do estado. O chefe do Executivo mineiro participou do Encontro de Presidentes 2022 da Federa\u00e7\u00e3o das Associa\u00e7\u00f5es Comerciais, Industriais, Agropecu\u00e1rias e de Servi\u00e7os do Estado de Minas Gerais (Federaminas), entidade criada [&hellip;]<\/p>\n","protected":false},"author":246,"featured_media":199802,"comment_status":"closed","ping_status":"closed","sticky":false,"template":"","format":"standard","meta":{"footnotes":""},"categories":[436,440,254,439],"tags":[],"class_list":["post-199801","post","type-post","status-publish","format-standard","has-post-thumbnail","hentry","category-destaque-da-semana","category-destaques-do-dia","category-politica","category-ultima-hora"],"_links":{"self":[{"href":"https:\/\/diarioregionaldigital.com.br\/index.php?rest_route=\/wp\/v2\/posts\/199801","targetHints":{"allow":["GET"]}}],"collection":[{"href":"https:\/\/diarioregionaldigital.com.br\/index.php?rest_route=\/wp\/v2\/posts"}],"about":[{"href":"https:\/\/diarioregionaldigital.com.br\/index.php?rest_route=\/wp\/v2\/types\/post"}],"author":[{"embeddable":true,"href":"https:\/\/diarioregionaldigital.com.br\/index.php?rest_route=\/wp\/v2\/users\/246"}],"replies":[{"embeddable":true,"href":"https:\/\/diarioregionaldigital.com.br\/index.php?rest_route=%2Fwp%2Fv2%2Fcomments&post=199801"}],"version-history":[{"count":1,"href":"https:\/\/diarioregionaldigital.com.br\/index.php?rest_route=\/wp\/v2\/posts\/199801\/revisions"}],"predecessor-version":[{"id":199803,"href":"https:\/\/diarioregionaldigital.com.br\/index.php?rest_route=\/wp\/v2\/posts\/199801\/revisions\/199803"}],"wp:featuredmedia":[{"embeddable":true,"href":"https:\/\/diarioregionaldigital.com.br\/index.php?rest_route=\/wp\/v2\/media\/199802"}],"wp:attachment":[{"href":"https:\/\/diarioregionaldigital.com.br\/index.php?rest_route=%2Fwp%2Fv2%2Fmedia&parent=199801"}],"wp:term":[{"taxonomy":"category","embeddable":true,"href":"https:\/\/diarioregionaldigital.com.br\/index.php?rest_route=%2Fwp%2Fv2%2Fcategories&post=199801"},{"taxonomy":"post_tag","embeddable":true,"href":"https:\/\/diarioregionaldigital.com.br\/index.php?rest_route=%2Fwp%2Fv2%2Ftags&post=199801"}],"curies":[{"name":"wp","href":"https:\/\/api.w.org\/{rel}","templated":true}]}}