{"id":199798,"date":"2022-06-02T20:15:03","date_gmt":"2022-06-02T23:15:03","guid":{"rendered":"https:\/\/diarioregionaldigital.com.br\/?p=199798"},"modified":"2022-06-02T20:15:03","modified_gmt":"2022-06-02T23:15:03","slug":"economia-segue-em-recuperacao-com-crescimento-robusto-diz-secretaria","status":"publish","type":"post","link":"https:\/\/diarioregionaldigital.com.br\/?p=199798","title":{"rendered":"Economia segue em recupera\u00e7\u00e3o com crescimento robusto, diz secretaria"},"content":{"rendered":"<p>A economia brasileira segue em processo de recupera\u00e7\u00e3o, ap\u00f3s retomada em 2021, mesmo com os impactos do conflito do Leste Europeu e os efeitos remanescentes da pandemia de covid-19. A avalia\u00e7\u00e3o \u00e9 da Secretaria de Pol\u00edtica Econ\u00f4mica (SPE) do Minist\u00e9rio da Economia, que avaliou os\u00a0<a href=\"https:\/\/agenciabrasil.ebc.com.br\/economia\/noticia\/2022-06\/economia-brasileira-cresce-1-no-1o-trimestre-diz-ibge\" target=\"_blank\" rel=\"noopener\">resultados do Produto Interno Bruto (PIB), divulgados\u00a0hoje\u00a0pelo Instituto Brasileiro de Geografia e Estat\u00edstica (IBGE)<\/a>.<img decoding=\"async\" src=\"https:\/\/agenciabrasil.ebc.com.br\/ebc.png?id=1463302&amp;o=node\" \/><img decoding=\"async\" src=\"https:\/\/agenciabrasil.ebc.com.br\/ebc.gif?id=1463302&amp;o=node\" \/><\/p>\n<p>O PIB, a soma de todos os bens e servi\u00e7os produzidos no pa\u00eds, cresceu 1% no primeiro trimestre deste ano, na compara\u00e7\u00e3o com o trimestre anterior. Na compara\u00e7\u00e3o com o primeiro trimestre de 2021, a economia do pa\u00eds cresceu 1,7%.<\/p>\n<p>\u201cAp\u00f3s a vigorosa retomada da atividade em 2021, quando a economia brasileira registrou alta de 4,6% no PIB e confirmou a recupera\u00e7\u00e3o econ\u00f4mica em \u201cV\u201d, o in\u00edcio de 2022 manteve o robusto crescimento da atividade apesar do ambiente de incerteza gerado pelos reflexos da guerra entre R\u00fassia e Ucr\u00e2nia\u201d, diz a secretaria, na Nota Informativa &#8211; Consolida\u00e7\u00e3o da retomada econ\u00f4mica, divulgada\u00a0hoje\u00a0(2).<\/p>\n<p>A SPE destaca ainda que a atividade econ\u00f4mica brasileira \u201cmostrou-se positiva no primeiro trimestre de 2022 em v\u00e1rios ramos, em especial na ind\u00fastria e nos servi\u00e7os, confirmando o reaquecimento da atividade e de melhora no ambiente de neg\u00f3cios\u201d. \u201cEsse movimento trouxe reflexos positivos na expectativa de empres\u00e1rios e consumidores para os trimestres seguintes\u201d, acrescentou.<\/p>\n<p>A secretaria diz ainda que o crescimento de longo prazo da economia brasileira depende \u201cfundamentalmente da consolida\u00e7\u00e3o fiscal\u201d (redu\u00e7\u00e3o da rela\u00e7\u00e3o entre d\u00edvida e PIB) e de \u201cimportante agenda de reformas pr\u00f3-mercado: abertura econ\u00f4mica, privatiza\u00e7\u00f5es e concess\u00f5es, melhora dos marcos legais e aumento da seguran\u00e7a jur\u00eddica, melhor ambiente de neg\u00f3cios e redu\u00e7\u00e3o da burocracia, corre\u00e7\u00e3o da m\u00e1 aloca\u00e7\u00e3o de recursos e facilita\u00e7\u00e3o da realoca\u00e7\u00e3o de capital e trabalho na economia\u201d.<\/p>\n<p><span style=\"font-weight: 400;\">Fonte: Ag\u00eancia Brasil <\/span><\/p>\n","protected":false},"excerpt":{"rendered":"<p>A economia brasileira segue em processo de recupera\u00e7\u00e3o, ap\u00f3s retomada em 2021, mesmo com os impactos do conflito do Leste Europeu e os efeitos remanescentes da pandemia de covid-19. A avalia\u00e7\u00e3o \u00e9 da Secretaria de Pol\u00edtica Econ\u00f4mica (SPE) do Minist\u00e9rio da Economia, que avaliou os\u00a0resultados do Produto Interno Bruto (PIB), divulgados\u00a0hoje\u00a0pelo Instituto Brasileiro de Geografia [&hellip;]<\/p>\n","protected":false},"author":246,"featured_media":199799,"comment_status":"closed","ping_status":"closed","sticky":false,"template":"","format":"standard","meta":{"footnotes":""},"categories":[436,261,439],"tags":[],"class_list":["post-199798","post","type-post","status-publish","format-standard","has-post-thumbnail","hentry","category-destaque-da-semana","category-economia","category-ultima-hora"],"_links":{"self":[{"href":"https:\/\/diarioregionaldigital.com.br\/index.php?rest_route=\/wp\/v2\/posts\/199798","targetHints":{"allow":["GET"]}}],"collection":[{"href":"https:\/\/diarioregionaldigital.com.br\/index.php?rest_route=\/wp\/v2\/posts"}],"about":[{"href":"https:\/\/diarioregionaldigital.com.br\/index.php?rest_route=\/wp\/v2\/types\/post"}],"author":[{"embeddable":true,"href":"https:\/\/diarioregionaldigital.com.br\/index.php?rest_route=\/wp\/v2\/users\/246"}],"replies":[{"embeddable":true,"href":"https:\/\/diarioregionaldigital.com.br\/index.php?rest_route=%2Fwp%2Fv2%2Fcomments&post=199798"}],"version-history":[{"count":1,"href":"https:\/\/diarioregionaldigital.com.br\/index.php?rest_route=\/wp\/v2\/posts\/199798\/revisions"}],"predecessor-version":[{"id":199800,"href":"https:\/\/diarioregionaldigital.com.br\/index.php?rest_route=\/wp\/v2\/posts\/199798\/revisions\/199800"}],"wp:featuredmedia":[{"embeddable":true,"href":"https:\/\/diarioregionaldigital.com.br\/index.php?rest_route=\/wp\/v2\/media\/199799"}],"wp:attachment":[{"href":"https:\/\/diarioregionaldigital.com.br\/index.php?rest_route=%2Fwp%2Fv2%2Fmedia&parent=199798"}],"wp:term":[{"taxonomy":"category","embeddable":true,"href":"https:\/\/diarioregionaldigital.com.br\/index.php?rest_route=%2Fwp%2Fv2%2Fcategories&post=199798"},{"taxonomy":"post_tag","embeddable":true,"href":"https:\/\/diarioregionaldigital.com.br\/index.php?rest_route=%2Fwp%2Fv2%2Ftags&post=199798"}],"curies":[{"name":"wp","href":"https:\/\/api.w.org\/{rel}","templated":true}]}}