{"id":199795,"date":"2022-06-02T20:13:15","date_gmt":"2022-06-02T23:13:15","guid":{"rendered":"https:\/\/diarioregionaldigital.com.br\/?p=199795"},"modified":"2022-06-02T20:13:15","modified_gmt":"2022-06-02T23:13:15","slug":"servicos-presenciais-puxam-crescimento-da-economia-no-1o-trimestre","status":"publish","type":"post","link":"https:\/\/diarioregionaldigital.com.br\/?p=199795","title":{"rendered":"Servi\u00e7os presenciais puxam crescimento da economia no 1\u00ba trimestre"},"content":{"rendered":"<p>O crescimento de 1% no setor de servi\u00e7os foi o principal respons\u00e1vel pelo avan\u00e7o\u00a0da economia do pa\u00eds, na passagem do \u00faltimo trimestre de 2021 para o primeiro deste ano. O Produto Interno Bruto (PIB), a soma de todos os bens e servi\u00e7os produzidos no pa\u00eds, teve crescimento de 1% no per\u00edodo.<img decoding=\"async\" src=\"https:\/\/agenciabrasil.ebc.com.br\/ebc.png?id=1463300&amp;o=node\" \/><img decoding=\"async\" src=\"https:\/\/agenciabrasil.ebc.com.br\/ebc.gif?id=1463300&amp;o=node\" \/><\/p>\n<p>De acordo com dados divulgados\u00a0<span id=\"OBJ_PREFIX_DWT849_com_zimbra_date\" role=\"link\">hoje<\/span>\u00a0(2) pelo Instituto Brasileiro de Geografia e Estat\u00edstica (IBGE), um dos destaques foi o segmento de outros servi\u00e7os, que inclui trabalhos\u00a0presenciais prestados \u00e0s fam\u00edlias, como alojamento e alimenta\u00e7\u00e3o, e que cresceu 2,2%.<\/p>\n<p>Outro destaque entre os servi\u00e7os foi\u00a0o grupo transporte, armazenagem e correio, que cresceu 2,1%. J\u00e1 o com\u00e9rcio avan\u00e7ou\u00a01,6%.<\/p>\n<p>Segundo o IBGE, o\u00a0crescimento tem rela\u00e7\u00e3o com a flexibiliza\u00e7\u00e3o das medidas de isolamento adotadas devido \u00e0 pandemia de covid-19. \u201cO avan\u00e7o se deu basicamente pelo aumento da demanda por\u00a0servi\u00e7os, principalmente os presenciais voltados para as fam\u00edlias\u201d, disse a pesquisadora do IBGE Rebeca Palis.<\/p>\n<p>Ela destaca que servi\u00e7os relacionados a viagens\u00a0tamb\u00e9m cresceram. \u201cO transporte a\u00e9reo de passageiros cresceu bastante. Nos servi\u00e7os tamb\u00e9m t\u00eam alojamento e alimenta\u00e7\u00e3o. Al\u00e9m da flexibiliza\u00e7\u00e3o, cresceu a pr\u00f3pria demanda da popula\u00e7\u00e3o. Diminuiu o receio do consumo desses servi\u00e7os\u201d.<\/p>\n<p>O PIB brasileiro est\u00e1 1,6% acima do quarto trimestre de 2019, ou seja, \u00faltimo trimestre antes da pandemia. Apesar disso, ainda se encontra 1,7% abaixo do patamar recorde da economia brasileira\u00a0no primeiro trimestre de 2014.<\/p>\n<p>\u201cA gente mais do que superou a retra\u00e7\u00e3o que houve com a pandemia, mas ainda n\u00e3o recuperou o patamar pr\u00e9-crise de 2015\/2016\u201d, afirmou Rebeca.<\/p>\n<p>A ind\u00fastria, por sua vez, manteve certa estabilidade, ao variar apenas 0,1%. Alguns segmentos apresentaram alta, como eletricidade e g\u00e1s, \u00e1gua, esgoto e gest\u00e3o de res\u00edduos (6,6%) e ind\u00fastria da transforma\u00e7\u00e3o (1,4%). A\u00a0ind\u00fastria\u00a0da transforma\u00e7\u00e3o, no entanto, freou o desempenho do setor industrial, com queda de 3,4%.<\/p>\n<p>A agropecu\u00e1ria, por outro lado, teve resultado negativo, ao cair 0,9%. Segundo o IBGE, a queda foi influenciada principalmente pela estiagem no Sul do pa\u00eds, que provocou perdas na estimativa de produ\u00e7\u00e3o da soja, maior lavoura brasileira.<\/p>\n<h2>Despesas<\/h2>\n<p>Quanto \u00e0s despesas, o crescimento foi puxado por dois componentes: o consumo das fam\u00edlias, que avan\u00e7ou 0,7%, e as exporta\u00e7\u00f5es, que subiram 5% no primeiro trimestre.<\/p>\n<p>A forma\u00e7\u00e3o bruta de capital fixo, que mede os investimentos, teve queda de 3,5% no per\u00edodo, relacionada \u00e0 diminui\u00e7\u00e3o na produ\u00e7\u00e3o e importa\u00e7\u00e3o de bens de capital.<\/p>\n<p><span style=\"font-weight: 400;\">Fonte: Ag\u00eancia Brasil <\/span><\/p>\n","protected":false},"excerpt":{"rendered":"<p>O crescimento de 1% no setor de servi\u00e7os foi o principal respons\u00e1vel pelo avan\u00e7o\u00a0da economia do pa\u00eds, na passagem do \u00faltimo trimestre de 2021 para o primeiro deste ano. O Produto Interno Bruto (PIB), a soma de todos os bens e servi\u00e7os produzidos no pa\u00eds, teve crescimento de 1% no per\u00edodo. De acordo com dados [&hellip;]<\/p>\n","protected":false},"author":246,"featured_media":199796,"comment_status":"closed","ping_status":"closed","sticky":false,"template":"","format":"standard","meta":{"footnotes":""},"categories":[436,261,439],"tags":[],"class_list":["post-199795","post","type-post","status-publish","format-standard","has-post-thumbnail","hentry","category-destaque-da-semana","category-economia","category-ultima-hora"],"_links":{"self":[{"href":"https:\/\/diarioregionaldigital.com.br\/index.php?rest_route=\/wp\/v2\/posts\/199795","targetHints":{"allow":["GET"]}}],"collection":[{"href":"https:\/\/diarioregionaldigital.com.br\/index.php?rest_route=\/wp\/v2\/posts"}],"about":[{"href":"https:\/\/diarioregionaldigital.com.br\/index.php?rest_route=\/wp\/v2\/types\/post"}],"author":[{"embeddable":true,"href":"https:\/\/diarioregionaldigital.com.br\/index.php?rest_route=\/wp\/v2\/users\/246"}],"replies":[{"embeddable":true,"href":"https:\/\/diarioregionaldigital.com.br\/index.php?rest_route=%2Fwp%2Fv2%2Fcomments&post=199795"}],"version-history":[{"count":1,"href":"https:\/\/diarioregionaldigital.com.br\/index.php?rest_route=\/wp\/v2\/posts\/199795\/revisions"}],"predecessor-version":[{"id":199797,"href":"https:\/\/diarioregionaldigital.com.br\/index.php?rest_route=\/wp\/v2\/posts\/199795\/revisions\/199797"}],"wp:featuredmedia":[{"embeddable":true,"href":"https:\/\/diarioregionaldigital.com.br\/index.php?rest_route=\/wp\/v2\/media\/199796"}],"wp:attachment":[{"href":"https:\/\/diarioregionaldigital.com.br\/index.php?rest_route=%2Fwp%2Fv2%2Fmedia&parent=199795"}],"wp:term":[{"taxonomy":"category","embeddable":true,"href":"https:\/\/diarioregionaldigital.com.br\/index.php?rest_route=%2Fwp%2Fv2%2Fcategories&post=199795"},{"taxonomy":"post_tag","embeddable":true,"href":"https:\/\/diarioregionaldigital.com.br\/index.php?rest_route=%2Fwp%2Fv2%2Ftags&post=199795"}],"curies":[{"name":"wp","href":"https:\/\/api.w.org\/{rel}","templated":true}]}}