{"id":199791,"date":"2022-06-02T20:11:52","date_gmt":"2022-06-02T23:11:52","guid":{"rendered":"https:\/\/diarioregionaldigital.com.br\/?p=199791"},"modified":"2022-06-02T20:11:52","modified_gmt":"2022-06-02T23:11:52","slug":"emplacamento-de-veiculos-sobe-2509-em-maio-diz-fenabrave","status":"publish","type":"post","link":"https:\/\/diarioregionaldigital.com.br\/?p=199791","title":{"rendered":"Emplacamento de ve\u00edculos sobe 25,09% em maio, diz Fenabrave"},"content":{"rendered":"<p>O emplacamento de carros no pa\u00eds teve alta de 25,09% em maio, na compara\u00e7\u00e3o com abril, aponta levantamento da Federa\u00e7\u00e3o Nacional da Distribui\u00e7\u00e3o de Ve\u00edculos Automotores (Fenabrave). Tamb\u00e9m houve alta de 6,03% em rela\u00e7\u00e3o a maio de 2021. <img decoding=\"async\" src=\"https:\/\/agenciabrasil.ebc.com.br\/ebc.png?id=1463438&amp;o=node\" \/><img decoding=\"async\" src=\"https:\/\/agenciabrasil.ebc.com.br\/ebc.gif?id=1463438&amp;o=node\" \/><\/p>\n<p>Com o resultado, a retra\u00e7\u00e3o acumulada de janeiro a maio cai para 4,16%, comparando os primeiros cinco meses de 2022 com o ano passado. De janeiro a abril, tinha sido registrada queda de 7,18%.<\/p>\n<p>Entre os motivos que explicam o maior volume de unidades licenciadas, a Fenabrave aponta o fato de que maio teve tr\u00eas \u00fateis a mais que o m\u00eas anterior e a melhora da entrega de ve\u00edculos pelos fabricantes, tendo em vista a falta de algumas pe\u00e7as.<\/p>\n<p>O destaque do m\u00eas foi o volume de emplacamentos de autom\u00f3veis e comerciais leves, com alta de 27,15%. Em rela\u00e7\u00e3o a abril, houve queda de 2,22% e, no acumulado anual, de 18,07%.<\/p>\n<p>\u201cN\u00e3o h\u00e1 um movimento forte de retomada, nem de oferta, nem de demanda, mas acredito que estamos chegando a certa estabilidade, o que j\u00e1 \u00e9 desej\u00e1vel, considerando um ano bastante incerto como o que estamos vivendo\u201d, analisou, em nota, o presidente da Fenabrave, Andreta Jr.<\/p>\n<p>Sobre o emplacamento de ve\u00edculos h\u00edbridos e el\u00e9tricos, o levantamento mostra a consolida\u00e7\u00e3o de uma curva evolutiva nos \u00faltimos meses. Foram comercializados, de janeiro a maio, 16.393 autom\u00f3veis e comerciais leves eletrificados. No mesmo per\u00edodo do ano passado, foram 10.393 unidades, com aumento de 57,7% no volume. Em termos de participa\u00e7\u00e3o no mercado, no entanto, o segmento representa 2,4% do total comercializado.<\/p>\n<p><span style=\"font-weight: 400;\">Fonte: Ag\u00eancia Brasil <\/span><\/p>\n","protected":false},"excerpt":{"rendered":"<p>O emplacamento de carros no pa\u00eds teve alta de 25,09% em maio, na compara\u00e7\u00e3o com abril, aponta levantamento da Federa\u00e7\u00e3o Nacional da Distribui\u00e7\u00e3o de Ve\u00edculos Automotores (Fenabrave). Tamb\u00e9m houve alta de 6,03% em rela\u00e7\u00e3o a maio de 2021. Com o resultado, a retra\u00e7\u00e3o acumulada de janeiro a maio cai para 4,16%, comparando os primeiros cinco [&hellip;]<\/p>\n","protected":false},"author":246,"featured_media":199792,"comment_status":"closed","ping_status":"closed","sticky":false,"template":"","format":"standard","meta":{"footnotes":""},"categories":[436,261,439],"tags":[],"class_list":["post-199791","post","type-post","status-publish","format-standard","has-post-thumbnail","hentry","category-destaque-da-semana","category-economia","category-ultima-hora"],"_links":{"self":[{"href":"https:\/\/diarioregionaldigital.com.br\/index.php?rest_route=\/wp\/v2\/posts\/199791","targetHints":{"allow":["GET"]}}],"collection":[{"href":"https:\/\/diarioregionaldigital.com.br\/index.php?rest_route=\/wp\/v2\/posts"}],"about":[{"href":"https:\/\/diarioregionaldigital.com.br\/index.php?rest_route=\/wp\/v2\/types\/post"}],"author":[{"embeddable":true,"href":"https:\/\/diarioregionaldigital.com.br\/index.php?rest_route=\/wp\/v2\/users\/246"}],"replies":[{"embeddable":true,"href":"https:\/\/diarioregionaldigital.com.br\/index.php?rest_route=%2Fwp%2Fv2%2Fcomments&post=199791"}],"version-history":[{"count":2,"href":"https:\/\/diarioregionaldigital.com.br\/index.php?rest_route=\/wp\/v2\/posts\/199791\/revisions"}],"predecessor-version":[{"id":199794,"href":"https:\/\/diarioregionaldigital.com.br\/index.php?rest_route=\/wp\/v2\/posts\/199791\/revisions\/199794"}],"wp:featuredmedia":[{"embeddable":true,"href":"https:\/\/diarioregionaldigital.com.br\/index.php?rest_route=\/wp\/v2\/media\/199792"}],"wp:attachment":[{"href":"https:\/\/diarioregionaldigital.com.br\/index.php?rest_route=%2Fwp%2Fv2%2Fmedia&parent=199791"}],"wp:term":[{"taxonomy":"category","embeddable":true,"href":"https:\/\/diarioregionaldigital.com.br\/index.php?rest_route=%2Fwp%2Fv2%2Fcategories&post=199791"},{"taxonomy":"post_tag","embeddable":true,"href":"https:\/\/diarioregionaldigital.com.br\/index.php?rest_route=%2Fwp%2Fv2%2Ftags&post=199791"}],"curies":[{"name":"wp","href":"https:\/\/api.w.org\/{rel}","templated":true}]}}