{"id":199787,"date":"2022-06-02T20:10:03","date_gmt":"2022-06-02T23:10:03","guid":{"rendered":"https:\/\/diarioregionaldigital.com.br\/?p=199787"},"modified":"2022-06-02T20:10:03","modified_gmt":"2022-06-02T23:10:03","slug":"dolar-cai-para-r-478-com-mercado-externo-e-divulgacao-do-pib","status":"publish","type":"post","link":"https:\/\/diarioregionaldigital.com.br\/?p=199787","title":{"rendered":"D\u00f3lar cai para R$ 4,78 com mercado externo e divulga\u00e7\u00e3o do PIB"},"content":{"rendered":"<p>A divulga\u00e7\u00e3o do Produto Interno Bruto (PIB) brasileiro no primeiro trimestre e a recupera\u00e7\u00e3o das bolsas no exterior amenizaram o clima no mercado financeiro nesta quinta-feira (2). O d\u00f3lar caiu e voltou a ficar abaixo de R$ 4,80. A bolsa de valores subiu quase 1%, ap\u00f3s ter ficado est\u00e1vel ontem (1\u00ba).<\/p>\n<p>O d\u00f3lar comercial encerrou o dia vendido a R$ 4,789, com recuo de R$ 0,016 (-0,33%). A moeda norte-americana teve um dia de volatilidade, alternando altas e baixas, mas firmou a tend\u00eancia de queda perto do fim das negocia\u00e7\u00f5es. Na m\u00e1xima do dia, por volta das 10h40, a cota\u00e7\u00e3o chegou a aproximar-se de R$ 4,81. Em contrapartida, a divisa chegou a cair para R$ 4,77 por volta das 14h.<\/p>\n<p>O mercado de a\u00e7\u00f5es teve um dia mais tranquilo. O \u00edndice Ibovespa, da B3, fechou a quinta-feira aos 112.393 pontos, com alta de 0,93%. O indicador chegou a operar pr\u00f3ximo da estabilidade durante a manh\u00e3, mas firmou a tend\u00eancia de alta, com a melhoria dos mercados internacionais e com o desempenho do PIB brasileiro.<\/p>\n<p>Segundo o Instituto Brasileiro de Geografia e Estat\u00edstica (IBGE), o Produto Interno Bruto (PIB)\u00a0<a href=\"https:\/\/agenciabrasil.ebc.com.br\/economia\/noticia\/2022-06\/economia-brasileira-cresce-1-no-1o-trimestre-diz-ibge\" target=\"_blank\" rel=\"noopener\">cresceu 1%<\/a>\u00a0no primeiro trimestre de 2022 em rela\u00e7\u00e3o ao \u00faltimo trimestre de 2021. A expans\u00e3o deveu-se ao setor de servi\u00e7os, que retoma as atividades e recupera-se da pandemia de covid-19.<\/p>\n<p>No cen\u00e1rio externo, as bolsas norte-americanas iniciaram o dia em baixa, mas recuperaram-se ao longo da sess\u00e3o, trazendo um pouco mais de tranquilidade ao mercado global. Os investidores aguardam a divulga\u00e7\u00e3o de dados sobre o mercado de trabalho nos Estados Unidos.<\/p>\n<p>Caso a economia norte-americana crie mais empregos que as expectativas, o Federal Reserve (Fed, Banco Central norte-americano) poder\u00e1 aumentar ainda mais os juros da maior economia do planeta. Isso levaria a uma nova rodada de alta global do d\u00f3lar, como a observada em abril.<\/p>\n<p><span style=\"font-weight: 400;\">Fonte: Ag\u00eancia Brasil <\/span><\/p>\n","protected":false},"excerpt":{"rendered":"<p>A divulga\u00e7\u00e3o do Produto Interno Bruto (PIB) brasileiro no primeiro trimestre e a recupera\u00e7\u00e3o das bolsas no exterior amenizaram o clima no mercado financeiro nesta quinta-feira (2). O d\u00f3lar caiu e voltou a ficar abaixo de R$ 4,80. A bolsa de valores subiu quase 1%, ap\u00f3s ter ficado est\u00e1vel ontem (1\u00ba). O d\u00f3lar comercial encerrou [&hellip;]<\/p>\n","protected":false},"author":246,"featured_media":199788,"comment_status":"closed","ping_status":"closed","sticky":false,"template":"","format":"standard","meta":{"footnotes":""},"categories":[436,440,261,439],"tags":[],"class_list":["post-199787","post","type-post","status-publish","format-standard","has-post-thumbnail","hentry","category-destaque-da-semana","category-destaques-do-dia","category-economia","category-ultima-hora"],"_links":{"self":[{"href":"https:\/\/diarioregionaldigital.com.br\/index.php?rest_route=\/wp\/v2\/posts\/199787","targetHints":{"allow":["GET"]}}],"collection":[{"href":"https:\/\/diarioregionaldigital.com.br\/index.php?rest_route=\/wp\/v2\/posts"}],"about":[{"href":"https:\/\/diarioregionaldigital.com.br\/index.php?rest_route=\/wp\/v2\/types\/post"}],"author":[{"embeddable":true,"href":"https:\/\/diarioregionaldigital.com.br\/index.php?rest_route=\/wp\/v2\/users\/246"}],"replies":[{"embeddable":true,"href":"https:\/\/diarioregionaldigital.com.br\/index.php?rest_route=%2Fwp%2Fv2%2Fcomments&post=199787"}],"version-history":[{"count":2,"href":"https:\/\/diarioregionaldigital.com.br\/index.php?rest_route=\/wp\/v2\/posts\/199787\/revisions"}],"predecessor-version":[{"id":199790,"href":"https:\/\/diarioregionaldigital.com.br\/index.php?rest_route=\/wp\/v2\/posts\/199787\/revisions\/199790"}],"wp:featuredmedia":[{"embeddable":true,"href":"https:\/\/diarioregionaldigital.com.br\/index.php?rest_route=\/wp\/v2\/media\/199788"}],"wp:attachment":[{"href":"https:\/\/diarioregionaldigital.com.br\/index.php?rest_route=%2Fwp%2Fv2%2Fmedia&parent=199787"}],"wp:term":[{"taxonomy":"category","embeddable":true,"href":"https:\/\/diarioregionaldigital.com.br\/index.php?rest_route=%2Fwp%2Fv2%2Fcategories&post=199787"},{"taxonomy":"post_tag","embeddable":true,"href":"https:\/\/diarioregionaldigital.com.br\/index.php?rest_route=%2Fwp%2Fv2%2Ftags&post=199787"}],"curies":[{"name":"wp","href":"https:\/\/api.w.org\/{rel}","templated":true}]}}