{"id":199776,"date":"2022-06-01T18:26:10","date_gmt":"2022-06-01T21:26:10","guid":{"rendered":"https:\/\/diarioregionaldigital.com.br\/?p=199776"},"modified":"2022-06-01T18:26:10","modified_gmt":"2022-06-01T21:26:10","slug":"pjf-realiza-operacao-tapa-buracos-no-bairro-grajau-nesta-quarta-feira-1","status":"publish","type":"post","link":"https:\/\/diarioregionaldigital.com.br\/?p=199776","title":{"rendered":"PJF realiza opera\u00e7\u00e3o tapa-buracos no bairro Graja\u00fa nesta quarta-feira, 1"},"content":{"rendered":"<p>Segundo informa\u00e7\u00f5es do site da Prefeitura de Juiz de Fora (PJF), junho come\u00e7ou e o Programa Boniteza n\u00e3o para! Nesta quarta-feira, 01, a principal rua do bairro Graja\u00fa, a Nossa Senhora do L\u00edbano, foi atendida pelas equipes da Prefeitura de Juiz de Fora (PJF), com a opera\u00e7\u00e3o tapa-buracos. Os servi\u00e7os seguem em andamento em outras vias do bairro.<\/p>\n<p>&nbsp;<\/p>\n<p>As equipes da\u00a0Empresa Municipal de Pavimenta\u00e7\u00e3o e Urbanidades\u00a0(Empav) tamb\u00e9m estiveram em outros seis bairros de Juiz de Fora, onde 18 vias foram atendidas, com os servi\u00e7os de recomposi\u00e7\u00e3o asf\u00e1ltica.<\/p>\n<p>&nbsp;<\/p>\n<p><strong>Veja abaixo a lista completa de locais atendidos nesta quarta-feira, 1\u00ba:<\/strong><\/p>\n<p>Rua Muniz Sim\u00e3o Sffeir, Graja\u00fa<\/p>\n<p>Rua Yolanda Bragagnolo, S\u00e3o Geraldo<\/p>\n<p>Rua Jos\u00e9 Manoel de Oliveira, Cer\u00e2mica<\/p>\n<p>Rua Martinho Gon\u00e7alves, Cer\u00e2mica<\/p>\n<p>Rua Olavo Bilac, Cer\u00e2mica<\/p>\n<p>Rua Alberto Pinto, S\u00e3o Pedro<\/p>\n<p>Rua Jos\u00e9 Thom\u00e9 de Souza, S\u00e3o Pedro<\/p>\n<p>Rua Jo\u00e3o Esteves dos Reis, Cai\u00e7aras<\/p>\n<p>Rua Valdir Valle da Fonseca, Bairu<\/p>\n<p>Rua Nossa Senhora do L\u00edbano, Graja\u00fa<\/p>\n<p>Rua Roque Picorelli, Graja\u00fa<\/p>\n<p>Rua Jacinto Furtado de Mendon\u00e7a, S\u00e3o Geraldo<\/p>\n<p>Rua Major Reinaldo Lawall, S\u00e3o Pedro<\/p>\n<p>Rua Jos\u00e9 Micherif, S\u00e3o Pedro<\/p>\n<p>Rua Jo\u00e3o Duque de Almeida, S\u00e3o Pedro<\/p>\n<p>Rua Coronel Vidal, Mariano Proc\u00f3pio<\/p>\n<p>Rua Carlos Gomes, Manoel Hon\u00f3rio<\/p>\n<p>Av. Governador Valadares, Manoel Hon\u00f3rio<\/p>\n<p>&nbsp;<\/p>\n<p>A\u00a0programa\u00e7\u00e3o di\u00e1ria de todas as atividades realizadas pela Empav pode ser acompanhada atrav\u00e9s da p\u00e1gina do Gabinete de A\u00e7\u00e3o e Di\u00e1logo Comunit\u00e1rio, pelo<a href=\"https:\/\/www.pjf.mg.gov.br\/gabinetecomunitario\/#onde\" target=\"_blank\" rel=\"noopener\">\u00a0link<\/a>.<\/p>\n<p>Todas as a\u00e7\u00f5es de reestrutura\u00e7\u00e3o, urbaniza\u00e7\u00e3o e zeladoria realizadas pela Empav fazem parte do Programa Boniteza. Voc\u00ea pode solicitar estes e outros servi\u00e7os atrav\u00e9s do Gabinete de A\u00e7\u00e3o e Di\u00e1logo Comunit\u00e1rio, que recebe e organiza pedidos relativos a interven\u00e7\u00f5es e melhorias urbanas. O contato pode ser feito por liga\u00e7\u00e3o telef\u00f4nica, pelo n\u00famero (32) 3690-7241 ou, ainda, via WhatsApp, utilizando o mesmo n\u00famero.<\/p>\n<div class=\"yj6qo\"><\/div>\n","protected":false},"excerpt":{"rendered":"<p>Segundo informa\u00e7\u00f5es do site da Prefeitura de Juiz de Fora (PJF), junho come\u00e7ou e o Programa Boniteza n\u00e3o para! Nesta quarta-feira, 01, a principal rua do bairro Graja\u00fa, a Nossa Senhora do L\u00edbano, foi atendida pelas equipes da Prefeitura de Juiz de Fora (PJF), com a opera\u00e7\u00e3o tapa-buracos. Os servi\u00e7os seguem em andamento em outras [&hellip;]<\/p>\n","protected":false},"author":246,"featured_media":199777,"comment_status":"closed","ping_status":"closed","sticky":false,"template":"","format":"standard","meta":{"footnotes":""},"categories":[253,436,439],"tags":[],"class_list":["post-199776","post","type-post","status-publish","format-standard","has-post-thumbnail","hentry","category-cidade","category-destaque-da-semana","category-ultima-hora"],"_links":{"self":[{"href":"https:\/\/diarioregionaldigital.com.br\/index.php?rest_route=\/wp\/v2\/posts\/199776","targetHints":{"allow":["GET"]}}],"collection":[{"href":"https:\/\/diarioregionaldigital.com.br\/index.php?rest_route=\/wp\/v2\/posts"}],"about":[{"href":"https:\/\/diarioregionaldigital.com.br\/index.php?rest_route=\/wp\/v2\/types\/post"}],"author":[{"embeddable":true,"href":"https:\/\/diarioregionaldigital.com.br\/index.php?rest_route=\/wp\/v2\/users\/246"}],"replies":[{"embeddable":true,"href":"https:\/\/diarioregionaldigital.com.br\/index.php?rest_route=%2Fwp%2Fv2%2Fcomments&post=199776"}],"version-history":[{"count":1,"href":"https:\/\/diarioregionaldigital.com.br\/index.php?rest_route=\/wp\/v2\/posts\/199776\/revisions"}],"predecessor-version":[{"id":199778,"href":"https:\/\/diarioregionaldigital.com.br\/index.php?rest_route=\/wp\/v2\/posts\/199776\/revisions\/199778"}],"wp:featuredmedia":[{"embeddable":true,"href":"https:\/\/diarioregionaldigital.com.br\/index.php?rest_route=\/wp\/v2\/media\/199777"}],"wp:attachment":[{"href":"https:\/\/diarioregionaldigital.com.br\/index.php?rest_route=%2Fwp%2Fv2%2Fmedia&parent=199776"}],"wp:term":[{"taxonomy":"category","embeddable":true,"href":"https:\/\/diarioregionaldigital.com.br\/index.php?rest_route=%2Fwp%2Fv2%2Fcategories&post=199776"},{"taxonomy":"post_tag","embeddable":true,"href":"https:\/\/diarioregionaldigital.com.br\/index.php?rest_route=%2Fwp%2Fv2%2Ftags&post=199776"}],"curies":[{"name":"wp","href":"https:\/\/api.w.org\/{rel}","templated":true}]}}