{"id":199773,"date":"2022-06-01T18:24:07","date_gmt":"2022-06-01T21:24:07","guid":{"rendered":"https:\/\/diarioregionaldigital.com.br\/?p=199773"},"modified":"2022-06-01T18:24:07","modified_gmt":"2022-06-01T21:24:07","slug":"parceria-entre-a-pjf-e-o-senar-oferece-curso-de-viveirista-florestal-para-acauteladas-no-horto","status":"publish","type":"post","link":"https:\/\/diarioregionaldigital.com.br\/?p=199773","title":{"rendered":"Parceria entre a PJF e o Senar oferece curso de viveirista florestal para acauteladas no Horto"},"content":{"rendered":"<p>Segundo informa\u00e7\u00f5es do site da Prefeitura de Juiz de Fora (PJF), uma nova parceria entre a Prefeitura de Juiz de Fora (PJF) e o Sistema Nacional de Aprendizagem Rural (Senar) est\u00e1 ofertando \u00e0s mulheres acauteladas do sistema prisional de Juiz de Fora e aos trabalhadores do Horto Florestal o curso de \u201cViveirista Florestal\u201d. O curso busca qualificar ainda mais as participantes do conv\u00eanio entre a Empav e a Penitenci\u00e1ria Jos\u00e9 Edson Cavalieri (Pjec), al\u00e9m de atualizar os conhecimentos de quem j\u00e1 atua no Horto Florestal h\u00e1 muitos anos.<br \/>\nIniciada na \u00faltima segunda-feira, 30 de maio, a forma\u00e7\u00e3o, realizada\u00a0 atrav\u00e9s da Empresa Municipal de Pavimenta\u00e7\u00e3o e Urbanidades (Empav), conta com uma carga hor\u00e1ria total de 40h e as aulas seguem at\u00e9 a pr\u00f3xima sexta-feira, 3 de junho. Dentre os conte\u00fados que ser\u00e3o trabalhados, est\u00e3o: instru\u00e7\u00f5es para planta\u00e7\u00e3o de \u00e1rvores nativas, reflorestamento, plantio de sementes, recupera\u00e7\u00e3o de viveiros para possibilitar a recupera\u00e7\u00e3o de matas nativas e t\u00e9cnicas de fertiliza\u00e7\u00e3o de solo, como a compostagem, que utiliza lixo org\u00e2nico como adubo natural.<br \/>\nPara o diretor-presidente da Empav, Richard Tavares, a sequ\u00eancia de parcerias entre a Empav e o Senar auxilia no engajamento social a que se prop\u00f5e o conv\u00eanio entre a Empresa e a Penitenci\u00e1ria. \u201cAgradecemos a parceria do Senar em mais essa forma\u00e7\u00e3o, que muito agrega aos nossos funcion\u00e1rios e \u00e0s apenadas que prestam servi\u00e7os internos e externos. Os ganhos s\u00e3o muitos, tanto no quesito social, j\u00e1 que contribui para a qualifica\u00e7\u00e3o e reinser\u00e7\u00e3o dessas mulheres na sociedade, quanto no profissional, tendo em vista que, al\u00e9m da remiss\u00e3o da pena com o trabalho realizado, elas ganham novas possibilidades profissionais com o que aprendem\u201d, pontua o diretor.<br \/>\nPara Carla Maria, acautelada que realiza atividades junto \u00e0 Empav, a experi\u00eancia do curso \u00e9 nova e satisfat\u00f3ria. \u201cEstamos aprendendo a fazer planta\u00e7\u00e3o. \u00c9 muito gratificante saber que aqui era tudo mato e agora estamos formando a nova planta\u00e7\u00e3o do Horto\u201d, ressalta.<br \/>\nA turma conta com 12 alunos e alunas, sendo seis mulheres acauteladas e seis trabalhadores do Horto. Ao final do curso, os participantes que obtiverem mais de 80% de aproveitamento, receber\u00e3o um certificado v\u00e1lido em todo o territ\u00f3rio nacional, expedido pelo Senar.<\/p>\n","protected":false},"excerpt":{"rendered":"<p>Segundo informa\u00e7\u00f5es do site da Prefeitura de Juiz de Fora (PJF), uma nova parceria entre a Prefeitura de Juiz de Fora (PJF) e o Sistema Nacional de Aprendizagem Rural (Senar) est\u00e1 ofertando \u00e0s mulheres acauteladas do sistema prisional de Juiz de Fora e aos trabalhadores do Horto Florestal o curso de \u201cViveirista Florestal\u201d. O curso [&hellip;]<\/p>\n","protected":false},"author":246,"featured_media":199774,"comment_status":"closed","ping_status":"closed","sticky":false,"template":"","format":"standard","meta":{"footnotes":""},"categories":[253,436,439],"tags":[],"class_list":["post-199773","post","type-post","status-publish","format-standard","has-post-thumbnail","hentry","category-cidade","category-destaque-da-semana","category-ultima-hora"],"_links":{"self":[{"href":"https:\/\/diarioregionaldigital.com.br\/index.php?rest_route=\/wp\/v2\/posts\/199773","targetHints":{"allow":["GET"]}}],"collection":[{"href":"https:\/\/diarioregionaldigital.com.br\/index.php?rest_route=\/wp\/v2\/posts"}],"about":[{"href":"https:\/\/diarioregionaldigital.com.br\/index.php?rest_route=\/wp\/v2\/types\/post"}],"author":[{"embeddable":true,"href":"https:\/\/diarioregionaldigital.com.br\/index.php?rest_route=\/wp\/v2\/users\/246"}],"replies":[{"embeddable":true,"href":"https:\/\/diarioregionaldigital.com.br\/index.php?rest_route=%2Fwp%2Fv2%2Fcomments&post=199773"}],"version-history":[{"count":1,"href":"https:\/\/diarioregionaldigital.com.br\/index.php?rest_route=\/wp\/v2\/posts\/199773\/revisions"}],"predecessor-version":[{"id":199775,"href":"https:\/\/diarioregionaldigital.com.br\/index.php?rest_route=\/wp\/v2\/posts\/199773\/revisions\/199775"}],"wp:featuredmedia":[{"embeddable":true,"href":"https:\/\/diarioregionaldigital.com.br\/index.php?rest_route=\/wp\/v2\/media\/199774"}],"wp:attachment":[{"href":"https:\/\/diarioregionaldigital.com.br\/index.php?rest_route=%2Fwp%2Fv2%2Fmedia&parent=199773"}],"wp:term":[{"taxonomy":"category","embeddable":true,"href":"https:\/\/diarioregionaldigital.com.br\/index.php?rest_route=%2Fwp%2Fv2%2Fcategories&post=199773"},{"taxonomy":"post_tag","embeddable":true,"href":"https:\/\/diarioregionaldigital.com.br\/index.php?rest_route=%2Fwp%2Fv2%2Ftags&post=199773"}],"curies":[{"name":"wp","href":"https:\/\/api.w.org\/{rel}","templated":true}]}}