{"id":199770,"date":"2022-06-01T18:21:57","date_gmt":"2022-06-01T21:21:57","guid":{"rendered":"https:\/\/diarioregionaldigital.com.br\/?p=199770"},"modified":"2022-06-01T18:21:57","modified_gmt":"2022-06-01T21:21:57","slug":"corredor-multicultural-marca-retomada-dos-grandes-eventos-de-cultura-da-pjf","status":"publish","type":"post","link":"https:\/\/diarioregionaldigital.com.br\/?p=199770","title":{"rendered":"Corredor Multicultural marca retomada dos grandes eventos de cultura da PJF"},"content":{"rendered":"<p>Segundo informa\u00e7\u00f5es do site da Prefeitura de Juiz de Fora (PJF), primeiro grande evento cultural promovido pela Prefeitura de Juiz de Fora(PJF) ap\u00f3s a quarentena decorrente da pandemia de Covid-19, o Corredor Multicultural mobilizou milhares de pessoas em diferentes regi\u00f5es da cidade. Foram cinco dias de atividades art\u00edsticas e culturais gratuitas em espa\u00e7os abertos \u2013 parques, pra\u00e7as, ruas e Feira da Avenida Brasil, e em equipamentos urbanos mantidos pelo munic\u00edpio. Em sua 12\u00aa edi\u00e7\u00e3o, a maratona marcou as comemora\u00e7\u00f5es dos 172 anos de Juiz de Fora, completados no \u00faltimo dia 31.<br \/>\n\u201cO Corredor foi a retomada da agenda de grandes eventos de cultura da Funalfa, depois de dois anos de afastamento. Pela participa\u00e7\u00e3o e receptividade do p\u00fablico e da classe art\u00edstica, podemos afirmar que a cidade estava \u00e1vida por estes encontros e reencontros. O Corredor Multicultural marcou a volta da alegria, com os cidad\u00e3os se reapropriando do espa\u00e7o urbano de forma espont\u00e2nea e prestigiando o talento dos nossos artistas,\u201d avalia a diretora-geral da Funalfa, Giane Elisa Sales de Oliveira.<br \/>\nRamon Carvalho, diretor de Extens\u00e3o do Instituto Federal do Sudeste de Minas Gerais, elogiou a variedade de atra\u00e7\u00f5es gratuitas ofertadas durante o evento. \u201cTem dan\u00e7a, tem teatro, tem m\u00fasica. Est\u00e1 sendo muito bom.\u201d J\u00e1 a estudante universit\u00e1ria Marcela Coutinho, que prestigiou v\u00e1rios shows na Pra\u00e7a Ant\u00f4nio Carlos, destacou a possibilidade de encontro. \u201cEu, meus amigos e os amigos deles estamos aproveitando para matar a saudade das grandes festas. Est\u00e1 um clima \u00f3timo e as atra\u00e7\u00f5es tamb\u00e9m s\u00e3o muito boas\u201d.<br \/>\nOutro aspecto destacado no Corredor Multicultural \u00e9 a seguran\u00e7a p\u00fablica, j\u00e1 que nenhuma ocorr\u00eancia policial de gravidade foi registrada durante os cinco dias de eventos. A Pol\u00edcia Militar e o Corpo de Bombeiros de Minas Gerais est\u00e3o entre as institui\u00e7\u00f5es que contribu\u00edram para viabilizar a festa, no Centro, em Santa Luzia, no Grama e em Benfica. Organizado pela Funda\u00e7\u00e3o Cultural Alfredo Ferreira Lage (Funalfa), o evento teve parceria das secretarias de Mobilidade Urbana, Assist\u00eancia Social, Sustentabilidade em Meio Ambiente e Atividades Urbanas, Comunica\u00e7\u00e3o P\u00fablica, Governo, Planejamento Urbano, Seguran\u00e7a Urbana e Cidadania, al\u00e9m da Empav e do Demlurb.<\/p>\n","protected":false},"excerpt":{"rendered":"<p>Segundo informa\u00e7\u00f5es do site da Prefeitura de Juiz de Fora (PJF), primeiro grande evento cultural promovido pela Prefeitura de Juiz de Fora(PJF) ap\u00f3s a quarentena decorrente da pandemia de Covid-19, o Corredor Multicultural mobilizou milhares de pessoas em diferentes regi\u00f5es da cidade. Foram cinco dias de atividades art\u00edsticas e culturais gratuitas em espa\u00e7os abertos \u2013 [&hellip;]<\/p>\n","protected":false},"author":246,"featured_media":199771,"comment_status":"closed","ping_status":"closed","sticky":false,"template":"","format":"standard","meta":{"footnotes":""},"categories":[253,436,439],"tags":[],"class_list":["post-199770","post","type-post","status-publish","format-standard","has-post-thumbnail","hentry","category-cidade","category-destaque-da-semana","category-ultima-hora"],"_links":{"self":[{"href":"https:\/\/diarioregionaldigital.com.br\/index.php?rest_route=\/wp\/v2\/posts\/199770","targetHints":{"allow":["GET"]}}],"collection":[{"href":"https:\/\/diarioregionaldigital.com.br\/index.php?rest_route=\/wp\/v2\/posts"}],"about":[{"href":"https:\/\/diarioregionaldigital.com.br\/index.php?rest_route=\/wp\/v2\/types\/post"}],"author":[{"embeddable":true,"href":"https:\/\/diarioregionaldigital.com.br\/index.php?rest_route=\/wp\/v2\/users\/246"}],"replies":[{"embeddable":true,"href":"https:\/\/diarioregionaldigital.com.br\/index.php?rest_route=%2Fwp%2Fv2%2Fcomments&post=199770"}],"version-history":[{"count":1,"href":"https:\/\/diarioregionaldigital.com.br\/index.php?rest_route=\/wp\/v2\/posts\/199770\/revisions"}],"predecessor-version":[{"id":199772,"href":"https:\/\/diarioregionaldigital.com.br\/index.php?rest_route=\/wp\/v2\/posts\/199770\/revisions\/199772"}],"wp:featuredmedia":[{"embeddable":true,"href":"https:\/\/diarioregionaldigital.com.br\/index.php?rest_route=\/wp\/v2\/media\/199771"}],"wp:attachment":[{"href":"https:\/\/diarioregionaldigital.com.br\/index.php?rest_route=%2Fwp%2Fv2%2Fmedia&parent=199770"}],"wp:term":[{"taxonomy":"category","embeddable":true,"href":"https:\/\/diarioregionaldigital.com.br\/index.php?rest_route=%2Fwp%2Fv2%2Fcategories&post=199770"},{"taxonomy":"post_tag","embeddable":true,"href":"https:\/\/diarioregionaldigital.com.br\/index.php?rest_route=%2Fwp%2Fv2%2Ftags&post=199770"}],"curies":[{"name":"wp","href":"https:\/\/api.w.org\/{rel}","templated":true}]}}