{"id":199766,"date":"2022-06-01T18:17:53","date_gmt":"2022-06-01T21:17:53","guid":{"rendered":"https:\/\/diarioregionaldigital.com.br\/?p=199766"},"modified":"2022-06-01T18:18:41","modified_gmt":"2022-06-01T21:18:41","slug":"prefeitura-realiza-mutirao-de-prevencao-as-doencas-causadas-pelo-aedes-aegypti-em-juiz-de-fora","status":"publish","type":"post","link":"https:\/\/diarioregionaldigital.com.br\/?p=199766","title":{"rendered":"Prefeitura realiza mutir\u00e3o de preven\u00e7\u00e3o \u00e0s doen\u00e7as causadas pelo Aedes aegypti em Juiz de Fora"},"content":{"rendered":"<p>Segundo informa\u00e7\u00f5es do site da Prefeitura de Juiz de Fora (PJF), a\u00a0prefeitura de Juiz de Fora (PJF) realiza uma s\u00e9rie de a\u00e7\u00f5es de combate e preven\u00e7\u00e3o \u00e0s arboviroses e ao mosquito <em>Aedes aegypti<\/em>\u00a0na cidade. Levando em considera\u00e7\u00e3o os resultados do Levantamento do \u00cdndice R\u00e1pido do\u00a0<em>Aedes aegypti<\/em>\u00a0(LIRAa) de 2022, de 4,4, classificado como de &#8220;alto risco\u201d pelo Minist\u00e9rio da Sa\u00fade, o executivo municipal est\u00e1 preparando estrat\u00e9gias para diminuir o cont\u00e1gio das doen\u00e7as na cidade.<\/p>\n<p>O n\u00famero de casos confirmados de arboviroses urbanas (dengue, zika e chikungunya) em Juiz de Fora \u00e9 considerado baixo, tendo em vista a situa\u00e7\u00e3o epidemiol\u00f3gica do pa\u00eds, que atinge\u00a0<a href=\"https:\/\/pjf.mg.gov.br\/noticias\/view.php?modo=link2&amp;idnoticia2=75312\"><strong>mais de 95% dos munic\u00edpios brasileiros<\/strong><\/a>.<br \/>\nAs a\u00e7\u00f5es de combate ao mosquito e \u00e0s doen\u00e7as \u00e9 coordenada pela Secretaria de Governo (SG), em parceria com outras pastas da Prefeitura, como a Secretaria de Sa\u00fade (SS), Secretaria de Obras (SO), Secretaria de Comunica\u00e7\u00e3o (Secom), Secretaria de Sustentabilidade em Meio Ambiente e Atividades Urbanas (Sesmaur), Secretaria de Assist\u00eancia Social (SAS), Demlurb e Empav.<\/p>\n<p>Dentre as a\u00e7\u00f5es estabelecidas est\u00e3o a visita \u00e0 domic\u00edlios para orienta\u00e7\u00f5es referentes ao combate \u00e0s arboviroses; fiscaliza\u00e7\u00e3o e notifica\u00e7\u00e3o de locais com alto risco de prolifera\u00e7\u00e3o do mosquito, pragas urbanas e outros vetores; varri\u00e7\u00e3o das principais ruas e logradouros p\u00fablicos da cidade; coleta programada do lixo dom\u00e9stico, comercial, e industrial prop\u00edcio a prolifera\u00e7\u00e3o de vetores de doen\u00e7as de maneira adequada, transportando-o at\u00e9 o aterro sanit\u00e1rio; mutir\u00e3o de limpeza e capina em bairros, dentre outras medidas necess\u00e1rias.<\/p>\n<p>O cronograma da a\u00e7\u00e3o prev\u00ea o in\u00edcio da a\u00e7\u00e3o \u00e0s segundas-feiras e t\u00e9rmino sempre aos s\u00e1bados, com um dia \u201cD\u201d de mobiliza\u00e7\u00e3o em cada regi\u00e3o. A proposta visa mobilizar os diversos setores da Prefeitura, para que ocorra um trabalho intersetorial em todas as regi\u00f5es de Juiz de Fora, a fim de eliminar os poss\u00edveis criadouros do mosquito Aedes aegypti.<\/p>\n<p>Considerando que o controle da dengue no atual momento \u00e9 uma atividade complexa, \u00e9 fundamental a implementa\u00e7\u00e3o de pol\u00edticas p\u00fablicas que impe\u00e7am a prolifera\u00e7\u00e3o das doen\u00e7as. De acordo com o Subsecret\u00e1rio de Vigil\u00e2ncia em Sa\u00fade, Jonathan Ferreira Tomaz, tais pol\u00edticas devem ser feitas em conjunto, para atingir o objetivo de elimina\u00e7\u00e3o do vetor das doen\u00e7as. \u201c\u00c9 necess\u00e1rio que seja feito um trabalho de intersetorialidade, de forma a envolver e responsabilizar os gestores e a sociedade. Isso nos faz refor\u00e7ar que o controle vetorial \u00e9 uma a\u00e7\u00e3o de responsabilidade coletiva e que n\u00e3o se restringe apenas ao setor de sa\u00fade e seus profissionais. Para alcan\u00e7armos a sustentabilidade definitiva, \u00e9 imprescind\u00edvel o envolvimento de todos e todas\u201d, afirma.<\/p>\n<p>Neste s\u00e1bado, 4, as a\u00e7\u00f5es do \u201cDia D\u201d ficar\u00e3o concentradas no bairro Retiro, na Unidade B\u00e1sica de Sa\u00fade (UBS), localizada na R. Sebasti\u00e3o Cardoso, 41.<br \/>\n<strong><br \/>\nSintomas e tratamento<\/strong><\/p>\n<p>A infec\u00e7\u00e3o por dengue pode apresentar sintomas leves, moderados ou graves, podendo, em alguns casos, o paciente morrer. Geralmente, a doen\u00e7a se manifesta atrav\u00e9s de uma febre alta, com in\u00edcio abrupto, com dura\u00e7\u00e3o de at\u00e9 uma semana, acompanhada de dores nas articula\u00e7\u00f5es, cabe\u00e7a, atr\u00e1s dos olhos e fraqueza. \u00c9 importante frisar que os sintomas variam de acordo com a pessoa, sendo que algumas delas apresentam diferentes sinais de infec\u00e7\u00e3o. Os casos mais graves incluem forte dor abdominal, v\u00f4mitos persistentes e sangramento de mucosas.<br \/>\nAo apresentar os primeiros sintomas relacionados \u00e0 dengue, \u00e9 indicado procurar um profissional de sa\u00fade para haver o diagn\u00f3stico. Como n\u00e3o h\u00e1 um tratamento espec\u00edfico, o m\u00e9dico ir\u00e1 orientar o paciente de acordo com o quadro cl\u00ednico apresentado. \u00c9 recomendado que a pessoa mantenha uma boa hidrata\u00e7\u00e3o, fa\u00e7a repouso e n\u00e3o use medicamentos sem prescri\u00e7\u00e3o m\u00e9dica.<br \/>\n<strong><br \/>\nFerramenta de den\u00fancias<\/strong><\/p>\n<p>Al\u00e9m de participar ativamente na preven\u00e7\u00e3o contra as arboviroses, a popula\u00e7\u00e3o pode ajudar com den\u00fancias an\u00f4nimas sobre focos do Aedes Aegypti em Juiz de Fora e regi\u00e3o. O sistema tem como finalidade mapear as informa\u00e7\u00f5es das doen\u00e7as causadas pelo mosquito: dengue, zika, febre amarela e chikungunya.<br \/>\nO\u00a0<a href=\"http:\/\/arbocontrolsis.tecnologia.ws\/denunciafocomosquito\/\">MonitorAr<\/a>\u00a0pode ser acessado em qualquer navegador. Ele roda em todas as plataformas: smartphones, tablets, notebooks e computadores. \u00c9 um sistema em que as pessoas podem realizar den\u00fancias de locais de criadouros do mosquito.<br \/>\n<strong><br \/>\nConfira o cronograma de a\u00e7\u00f5es de mobiliza\u00e7\u00e3o em Juiz de Fora contra as arboviroses:<\/strong><\/p>\n<p>30\/05 a 04\/06 \u2013 Regi\u00e3o Sudeste<br \/>\n06\/06 a 11\/06 \u2013 Regi\u00e3o Norte<br \/>\n14\/06 a 14\/06 \u2013 Regi\u00e3o Sul\/Centro<br \/>\n20\/06 a 25\/06 \u2013 Regi\u00e3o Nordeste<br \/>\n27\/06 a 02\/07 \u2013 Regi\u00e3o Leste<\/p>\n","protected":false},"excerpt":{"rendered":"<p>Segundo informa\u00e7\u00f5es do site da Prefeitura de Juiz de Fora (PJF), a\u00a0prefeitura de Juiz de Fora (PJF) realiza uma s\u00e9rie de a\u00e7\u00f5es de combate e preven\u00e7\u00e3o \u00e0s arboviroses e ao mosquito Aedes aegypti\u00a0na cidade. Levando em considera\u00e7\u00e3o os resultados do Levantamento do \u00cdndice R\u00e1pido do\u00a0Aedes aegypti\u00a0(LIRAa) de 2022, de 4,4, classificado como de &#8220;alto risco\u201d [&hellip;]<\/p>\n","protected":false},"author":246,"featured_media":199767,"comment_status":"closed","ping_status":"closed","sticky":false,"template":"","format":"standard","meta":{"footnotes":""},"categories":[253,436,440,439],"tags":[],"class_list":["post-199766","post","type-post","status-publish","format-standard","has-post-thumbnail","hentry","category-cidade","category-destaque-da-semana","category-destaques-do-dia","category-ultima-hora"],"_links":{"self":[{"href":"https:\/\/diarioregionaldigital.com.br\/index.php?rest_route=\/wp\/v2\/posts\/199766","targetHints":{"allow":["GET"]}}],"collection":[{"href":"https:\/\/diarioregionaldigital.com.br\/index.php?rest_route=\/wp\/v2\/posts"}],"about":[{"href":"https:\/\/diarioregionaldigital.com.br\/index.php?rest_route=\/wp\/v2\/types\/post"}],"author":[{"embeddable":true,"href":"https:\/\/diarioregionaldigital.com.br\/index.php?rest_route=\/wp\/v2\/users\/246"}],"replies":[{"embeddable":true,"href":"https:\/\/diarioregionaldigital.com.br\/index.php?rest_route=%2Fwp%2Fv2%2Fcomments&post=199766"}],"version-history":[{"count":2,"href":"https:\/\/diarioregionaldigital.com.br\/index.php?rest_route=\/wp\/v2\/posts\/199766\/revisions"}],"predecessor-version":[{"id":199769,"href":"https:\/\/diarioregionaldigital.com.br\/index.php?rest_route=\/wp\/v2\/posts\/199766\/revisions\/199769"}],"wp:featuredmedia":[{"embeddable":true,"href":"https:\/\/diarioregionaldigital.com.br\/index.php?rest_route=\/wp\/v2\/media\/199767"}],"wp:attachment":[{"href":"https:\/\/diarioregionaldigital.com.br\/index.php?rest_route=%2Fwp%2Fv2%2Fmedia&parent=199766"}],"wp:term":[{"taxonomy":"category","embeddable":true,"href":"https:\/\/diarioregionaldigital.com.br\/index.php?rest_route=%2Fwp%2Fv2%2Fcategories&post=199766"},{"taxonomy":"post_tag","embeddable":true,"href":"https:\/\/diarioregionaldigital.com.br\/index.php?rest_route=%2Fwp%2Fv2%2Ftags&post=199766"}],"curies":[{"name":"wp","href":"https:\/\/api.w.org\/{rel}","templated":true}]}}