{"id":199763,"date":"2022-06-01T18:12:14","date_gmt":"2022-06-01T21:12:14","guid":{"rendered":"https:\/\/diarioregionaldigital.com.br\/?p=199763"},"modified":"2022-06-01T18:12:14","modified_gmt":"2022-06-01T21:12:14","slug":"selecao-feminina-estreia-com-vitoria-na-liga-das-nacoes","status":"publish","type":"post","link":"https:\/\/diarioregionaldigital.com.br\/?p=199763","title":{"rendered":"Sele\u00e7\u00e3o feminina estreia com vit\u00f3ria na Liga das Na\u00e7\u00f5es"},"content":{"rendered":"<p>A sele\u00e7\u00e3o brasileira feminina de v\u00f4lei iniciou a disputa da edi\u00e7\u00e3o 2022 da Liga das Na\u00e7\u00f5es com uma vit\u00f3ria de 3 sets a 1 (parciais 29\/27, 23\/25, 27\/25 e 25\/21) sobre a Alemanha em Shreveport-Bossier City (Estados Unidos).<img decoding=\"async\" src=\"https:\/\/agenciabrasil.ebc.com.br\/ebc.png?id=1462969&amp;o=node\" \/><img decoding=\"async\" src=\"https:\/\/agenciabrasil.ebc.com.br\/ebc.gif?id=1462969&amp;o=node\" \/><\/p>\n<p>Com este resultado a equipe comandada pelo t\u00e9cnico Jos\u00e9 Roberto Guimar\u00e3es ocupa a terceira posi\u00e7\u00e3o da fase preliminar, atr\u00e1s de Turquia e Tail\u00e2ndia, que venceram seus respectivos confrontos por 3 sets a 0. O pr\u00f3ximo compromisso do selecionado brasileiro \u00e9 contra a Pol\u00f4nia, na quinta-feira (2) a partir das 16h (hor\u00e1rio de Bras\u00edlia).<\/p>\n<p>Na renovada equipe do Brasil o grande destaque foi a ponteira Julia Bergmann, a maior pontuadora do time brasileiro com 19 pontos.<\/p>\n<p><span style=\"font-weight: 400;\"><br \/>\n<\/span><span style=\"font-weight: 400;\">Fonte: Ag\u00eancia Brasil <\/span><\/p>\n","protected":false},"excerpt":{"rendered":"<p>A sele\u00e7\u00e3o brasileira feminina de v\u00f4lei iniciou a disputa da edi\u00e7\u00e3o 2022 da Liga das Na\u00e7\u00f5es com uma vit\u00f3ria de 3 sets a 1 (parciais 29\/27, 23\/25, 27\/25 e 25\/21) sobre a Alemanha em Shreveport-Bossier City (Estados Unidos). Com este resultado a equipe comandada pelo t\u00e9cnico Jos\u00e9 Roberto Guimar\u00e3es ocupa a terceira posi\u00e7\u00e3o da fase [&hellip;]<\/p>\n","protected":false},"author":246,"featured_media":199764,"comment_status":"closed","ping_status":"closed","sticky":false,"template":"","format":"standard","meta":{"footnotes":""},"categories":[436,257,439],"tags":[],"class_list":["post-199763","post","type-post","status-publish","format-standard","has-post-thumbnail","hentry","category-destaque-da-semana","category-esporte","category-ultima-hora"],"_links":{"self":[{"href":"https:\/\/diarioregionaldigital.com.br\/index.php?rest_route=\/wp\/v2\/posts\/199763","targetHints":{"allow":["GET"]}}],"collection":[{"href":"https:\/\/diarioregionaldigital.com.br\/index.php?rest_route=\/wp\/v2\/posts"}],"about":[{"href":"https:\/\/diarioregionaldigital.com.br\/index.php?rest_route=\/wp\/v2\/types\/post"}],"author":[{"embeddable":true,"href":"https:\/\/diarioregionaldigital.com.br\/index.php?rest_route=\/wp\/v2\/users\/246"}],"replies":[{"embeddable":true,"href":"https:\/\/diarioregionaldigital.com.br\/index.php?rest_route=%2Fwp%2Fv2%2Fcomments&post=199763"}],"version-history":[{"count":1,"href":"https:\/\/diarioregionaldigital.com.br\/index.php?rest_route=\/wp\/v2\/posts\/199763\/revisions"}],"predecessor-version":[{"id":199765,"href":"https:\/\/diarioregionaldigital.com.br\/index.php?rest_route=\/wp\/v2\/posts\/199763\/revisions\/199765"}],"wp:featuredmedia":[{"embeddable":true,"href":"https:\/\/diarioregionaldigital.com.br\/index.php?rest_route=\/wp\/v2\/media\/199764"}],"wp:attachment":[{"href":"https:\/\/diarioregionaldigital.com.br\/index.php?rest_route=%2Fwp%2Fv2%2Fmedia&parent=199763"}],"wp:term":[{"taxonomy":"category","embeddable":true,"href":"https:\/\/diarioregionaldigital.com.br\/index.php?rest_route=%2Fwp%2Fv2%2Fcategories&post=199763"},{"taxonomy":"post_tag","embeddable":true,"href":"https:\/\/diarioregionaldigital.com.br\/index.php?rest_route=%2Fwp%2Fv2%2Ftags&post=199763"}],"curies":[{"name":"wp","href":"https:\/\/api.w.org\/{rel}","templated":true}]}}