{"id":199755,"date":"2022-06-01T18:08:41","date_gmt":"2022-06-01T21:08:41","guid":{"rendered":"https:\/\/diarioregionaldigital.com.br\/?p=199755"},"modified":"2022-06-01T18:08:41","modified_gmt":"2022-06-01T21:08:41","slug":"yamanitu-silva-vai-a-final-de-duplas-da-classe-quad-em-roland-garros","status":"publish","type":"post","link":"https:\/\/diarioregionaldigital.com.br\/?p=199755","title":{"rendered":"Yamanitu Silva vai \u00e0 final de duplas da classe Quad em Roland Garros"},"content":{"rendered":"<p>O catarinense Ymanitu Silva vai disputar o t\u00edtulo de duplas da classe Quad (cadeirantes) em Roland Garros. Nesta quarta-feira (1\u00ba) o brasileiro e o parceiro Heath Davison (Austr\u00e1lia) avan\u00e7aram \u00e0 final depois de\u00a0vencerem a dupla do norte-americano David Wagner com o brit\u00e2nico Andy Lapthorne, por 2 sets a 1 (parciais de 1\/6, 6\/4 e 10\/8). \u00a0Embora indefinida a data da final, a expectativa \u00e9 que ocorra entre sexta (3) e s\u00e1bado (4).<img decoding=\"async\" src=\"https:\/\/agenciabrasil.ebc.com.br\/ebc.png?id=1463156&amp;o=node\" \/><img decoding=\"async\" src=\"https:\/\/agenciabrasil.ebc.com.br\/ebc.gif?id=1463156&amp;o=node\" \/><\/p>\n<p>Os advers\u00e1rios de Ymanitu e Heath ser\u00e3o os vencedores do confronto dos holandeses Sam Schroder e Niels Vink contra a dupla do japon\u00eas Koji Sugeno com o sul-africano Donald Ramphadi.<\/p>\n<p>&#8220;A semifinal de duplas foi muito emocionante. Sa\u00edmos de um primeiro set com eles em um n\u00edvel muito alto. J\u00e1 no segundo, fiquei bem feliz, pois eles fizeram o jogo todo em cima de mim, consegui segurar bem e crescemos no match tie-break. Poder participar de uma final de Roland Garros \u00e9 um marco para o Brasil e para minha carreira&#8221;, disse Ymanitu ap\u00f3s a vit\u00f3ria.<\/p>\n<p>Mais cedo, o catarinense, 11\u00ba colocado no ranking da classe Quad, deu adeus \u00e0 disputa de simples ao perder por 2 sets a 1 ( 6\/1, 3\/6 e 6\/4 ) para o norte-americano David Wagner, atual n\u00famero 4 do mundo. Os dois estiveram frente a frente no m\u00eas passado no Campeonato Mundial de T\u00eanis em Cadeira de Rodas, em Portugal, e nas duas oportunidades o brasileiro levou a melhor sobre Wagner. No Mundial, Ymanitu conquistou o bronze, a primeira medalha do pa\u00eds na competi\u00e7\u00e3o.<\/p>\n<p><span style=\"font-weight: 400;\">Fonte: Ag\u00eancia Brasil <\/span><\/p>\n","protected":false},"excerpt":{"rendered":"<p>O catarinense Ymanitu Silva vai disputar o t\u00edtulo de duplas da classe Quad (cadeirantes) em Roland Garros. Nesta quarta-feira (1\u00ba) o brasileiro e o parceiro Heath Davison (Austr\u00e1lia) avan\u00e7aram \u00e0 final depois de\u00a0vencerem a dupla do norte-americano David Wagner com o brit\u00e2nico Andy Lapthorne, por 2 sets a 1 (parciais de 1\/6, 6\/4 e 10\/8). [&hellip;]<\/p>\n","protected":false},"author":246,"featured_media":199756,"comment_status":"closed","ping_status":"closed","sticky":false,"template":"","format":"standard","meta":{"footnotes":""},"categories":[436,257,439],"tags":[],"class_list":["post-199755","post","type-post","status-publish","format-standard","has-post-thumbnail","hentry","category-destaque-da-semana","category-esporte","category-ultima-hora"],"_links":{"self":[{"href":"https:\/\/diarioregionaldigital.com.br\/index.php?rest_route=\/wp\/v2\/posts\/199755","targetHints":{"allow":["GET"]}}],"collection":[{"href":"https:\/\/diarioregionaldigital.com.br\/index.php?rest_route=\/wp\/v2\/posts"}],"about":[{"href":"https:\/\/diarioregionaldigital.com.br\/index.php?rest_route=\/wp\/v2\/types\/post"}],"author":[{"embeddable":true,"href":"https:\/\/diarioregionaldigital.com.br\/index.php?rest_route=\/wp\/v2\/users\/246"}],"replies":[{"embeddable":true,"href":"https:\/\/diarioregionaldigital.com.br\/index.php?rest_route=%2Fwp%2Fv2%2Fcomments&post=199755"}],"version-history":[{"count":2,"href":"https:\/\/diarioregionaldigital.com.br\/index.php?rest_route=\/wp\/v2\/posts\/199755\/revisions"}],"predecessor-version":[{"id":199758,"href":"https:\/\/diarioregionaldigital.com.br\/index.php?rest_route=\/wp\/v2\/posts\/199755\/revisions\/199758"}],"wp:featuredmedia":[{"embeddable":true,"href":"https:\/\/diarioregionaldigital.com.br\/index.php?rest_route=\/wp\/v2\/media\/199756"}],"wp:attachment":[{"href":"https:\/\/diarioregionaldigital.com.br\/index.php?rest_route=%2Fwp%2Fv2%2Fmedia&parent=199755"}],"wp:term":[{"taxonomy":"category","embeddable":true,"href":"https:\/\/diarioregionaldigital.com.br\/index.php?rest_route=%2Fwp%2Fv2%2Fcategories&post=199755"},{"taxonomy":"post_tag","embeddable":true,"href":"https:\/\/diarioregionaldigital.com.br\/index.php?rest_route=%2Fwp%2Fv2%2Ftags&post=199755"}],"curies":[{"name":"wp","href":"https:\/\/api.w.org\/{rel}","templated":true}]}}