{"id":199751,"date":"2022-06-01T18:06:54","date_gmt":"2022-06-01T21:06:54","guid":{"rendered":"https:\/\/diarioregionaldigital.com.br\/?p=199751"},"modified":"2022-06-01T18:06:54","modified_gmt":"2022-06-01T21:06:54","slug":"cidade-de-niteroi-recebe-quarta-etapa-do-mundial-de-bodyboard","status":"publish","type":"post","link":"https:\/\/diarioregionaldigital.com.br\/?p=199751","title":{"rendered":"Cidade de Niter\u00f3i recebe quarta etapa do Mundial de Bodyboard"},"content":{"rendered":"<p>A cidade de Niter\u00f3i (RJ) ser\u00e1 palco a partir desta quarta-feira (1\u00ba de junho) do\u00a0<a href=\"https:\/\/itacoatiarapro.com.br\/festival\/\">Itacoatira Pro,<\/a>\u00a0um megaevento esportivo-cultural, com competi\u00e7\u00f5es ao ar livre em\u00a0 parques, praias e \u00e1reas de lazer.\u00a0Nos pr\u00f3ximos 25\u00a0dias\u00a0haver\u00e1 disputas de modalidades j\u00e1 tradicionais &#8211; bodyboard, skate, mountain bike e parapente \u2013 e de esportes estreantes nesta edi\u00e7\u00e3o, como surfe, vela e canoagem (canoa havaiana\/VA\u2019A).\u00a0<img decoding=\"async\" src=\"https:\/\/agenciabrasil.ebc.com.br\/ebc.png?id=1462964&amp;o=node\" \/><img decoding=\"async\" src=\"https:\/\/agenciabrasil.ebc.com.br\/ebc.gif?id=1462964&amp;o=node\" \/><\/p>\n<p>A programa\u00e7\u00e3o come\u00e7a nesta quinta (2) com a segunda etapa do Campeonato Brasileiro de Bodyboard, na Praia de Itacoatiara, na regi\u00e3o oce\u00e2nica de Niter\u00f3i. S\u00e3o esperados 250 atletas (homens e mulheres) de 11 estados, que competir\u00e3o nas categorias profissional (masculino e feminino), sub 18, master, open masculino, open feminino e PCD.<\/p>\n<p>Uma das principais competi\u00e7\u00f5es tem in\u00edcio na pr\u00f3xima segunda-feira (6): o IBC Itacoatiara Pro\u00a0World Contest, a quarta etapa do Mundial de Bodyboard, considerada uma das fases cinco estrelas do circuito.\u00a0 Entre os 100 atletas inscritos de 20 nacionalidades, est\u00e1 Duda Pedra, niteroiense que vai representar o pa\u00eds.<\/p>\n<blockquote><p>\u201cS\u00f3 os melhores atletas profissionais do mundo s\u00e3o qualificados para competir nessas etapas, que buscam as condi\u00e7\u00f5es de ondas mais radicais do planeta. Basta dizer que outras como essa acontecem em El Gringo, no Chile, e Fronton, nas Ilhas Can\u00e1rias\u201d, afirma Giuliano Lara, idealizador e produtor do Itacoatiara Pro desde a primeira edi\u00e7\u00e3o, em 2012.<\/p><\/blockquote>\n<p>Novidade no megaevento, a competi\u00e7\u00e3o de surfe na Praia de Itacoatiara promete ser um espet\u00e1culo \u00e0 parte. O Surfe Pro ocorrer\u00e1 em um dia de ondas perfeitas &#8211; a\u00a0 janela ficar\u00e1 aberta de 17 a 22 de junho &#8211; com a participa\u00e7\u00e3o de 24 surfistas\u00a0especialistas em ondas grandes. Entre os participantes est\u00e3o os<i>\u00a0big riders\u00a0<\/i>brasileiros Gabriel Sampaio e Kalani Lattanzi, reconhecidos internacionalmente.<\/p>\n<h2>Outras competi\u00e7\u00f5es<\/h2>\n<p><strong>CANOA HAVAIANA (VA\u2019A)<\/strong><\/p>\n<p>5 de junho &#8211; percurso de 15 quil\u00f4metros, pelas praias de Itaipu, Piratininga e Camboinhas<\/p>\n<p><strong>MOUNTAIN BIKE (DOWNHILL)<\/strong><\/p>\n<p>De 11 a 12 de junho &#8211; etapa do campeonato estadual &#8211; Parque da Cidade<\/p>\n<p><strong>PARAPENTE<\/strong><\/p>\n<p>De 18 a 19 de junho &#8211; disputa de perman\u00eancia e pouso &#8211; Parque da Cidade<\/p>\n<p><strong>VELA<\/strong><\/p>\n<p>De 25 a 26 de junho &#8211; regatas na Ba\u00eda de Guanabara e Enseada de S\u00e3o Francisco<\/p>\n<p><strong>SKATE<\/strong><\/p>\n<p>De 18 a 19 de junho &#8211; etapa do circuito niteroiense &#8211;\u00a0Skate Park Carlos Alberto Parizzi\u00a0 &#8211; Praia de S\u00e3o Francisco<\/p>\n<p>De 25 a 26 de junho &#8211; evento principal,\u00a0com grandes nomes do skate nacional &#8211; Skate Park Carlos Alberto Parizzi &#8211;\u00a0Praia de S\u00e3o Francisco<\/p>\n<p><span style=\"font-weight: 400;\">Fonte: Ag\u00eancia Brasil <\/span><\/p>\n","protected":false},"excerpt":{"rendered":"<p>A cidade de Niter\u00f3i (RJ) ser\u00e1 palco a partir desta quarta-feira (1\u00ba de junho) do\u00a0Itacoatira Pro,\u00a0um megaevento esportivo-cultural, com competi\u00e7\u00f5es ao ar livre em\u00a0 parques, praias e \u00e1reas de lazer.\u00a0Nos pr\u00f3ximos 25\u00a0dias\u00a0haver\u00e1 disputas de modalidades j\u00e1 tradicionais &#8211; bodyboard, skate, mountain bike e parapente \u2013 e de esportes estreantes nesta edi\u00e7\u00e3o, como surfe, vela e [&hellip;]<\/p>\n","protected":false},"author":246,"featured_media":199752,"comment_status":"closed","ping_status":"closed","sticky":false,"template":"","format":"standard","meta":{"footnotes":""},"categories":[436,440,257,439],"tags":[],"class_list":["post-199751","post","type-post","status-publish","format-standard","has-post-thumbnail","hentry","category-destaque-da-semana","category-destaques-do-dia","category-esporte","category-ultima-hora"],"_links":{"self":[{"href":"https:\/\/diarioregionaldigital.com.br\/index.php?rest_route=\/wp\/v2\/posts\/199751","targetHints":{"allow":["GET"]}}],"collection":[{"href":"https:\/\/diarioregionaldigital.com.br\/index.php?rest_route=\/wp\/v2\/posts"}],"about":[{"href":"https:\/\/diarioregionaldigital.com.br\/index.php?rest_route=\/wp\/v2\/types\/post"}],"author":[{"embeddable":true,"href":"https:\/\/diarioregionaldigital.com.br\/index.php?rest_route=\/wp\/v2\/users\/246"}],"replies":[{"embeddable":true,"href":"https:\/\/diarioregionaldigital.com.br\/index.php?rest_route=%2Fwp%2Fv2%2Fcomments&post=199751"}],"version-history":[{"count":2,"href":"https:\/\/diarioregionaldigital.com.br\/index.php?rest_route=\/wp\/v2\/posts\/199751\/revisions"}],"predecessor-version":[{"id":199754,"href":"https:\/\/diarioregionaldigital.com.br\/index.php?rest_route=\/wp\/v2\/posts\/199751\/revisions\/199754"}],"wp:featuredmedia":[{"embeddable":true,"href":"https:\/\/diarioregionaldigital.com.br\/index.php?rest_route=\/wp\/v2\/media\/199752"}],"wp:attachment":[{"href":"https:\/\/diarioregionaldigital.com.br\/index.php?rest_route=%2Fwp%2Fv2%2Fmedia&parent=199751"}],"wp:term":[{"taxonomy":"category","embeddable":true,"href":"https:\/\/diarioregionaldigital.com.br\/index.php?rest_route=%2Fwp%2Fv2%2Fcategories&post=199751"},{"taxonomy":"post_tag","embeddable":true,"href":"https:\/\/diarioregionaldigital.com.br\/index.php?rest_route=%2Fwp%2Fv2%2Ftags&post=199751"}],"curies":[{"name":"wp","href":"https:\/\/api.w.org\/{rel}","templated":true}]}}