{"id":199748,"date":"2022-06-01T17:58:21","date_gmt":"2022-06-01T20:58:21","guid":{"rendered":"https:\/\/diarioregionaldigital.com.br\/?p=199748"},"modified":"2022-06-01T17:58:21","modified_gmt":"2022-06-01T20:58:21","slug":"governador-se-reune-com-produtores-de-jabuticaba-e-derivados-em-sabara-na-rmbh","status":"publish","type":"post","link":"https:\/\/diarioregionaldigital.com.br\/?p=199748","title":{"rendered":"Governador se re\u00fane com produtores de jabuticaba e derivados em Sabar\u00e1, na RMBH"},"content":{"rendered":"<p>O governador Romeu Zema se reuniu, nesta quarta-feira (1\/6), em Sabar\u00e1, na Regi\u00e3o Metropolitana de Belo Horizonte (RMBH), com produtores de jabuticaba, fruta que \u00e9 patrim\u00f4nio imaterial do munic\u00edpio. O encontro serviu para discutir demandas do setor e ouvir as necessidades dos produtores que movimentam a economia da regi\u00e3o com a produ\u00e7\u00e3o da fruta e de seus derivados, como geleias, licores, polpa e vinhos. As iguarias s\u00e3o vendidas para todo o pa\u00eds e para o exterior.<\/p>\n<p>\u201cEste encontro com o setor produtivo de jabuticaba de Sabar\u00e1 busca entender como cada neg\u00f3cio funciona, cada setor, e ver como o governo pode contribuir. Acredito neste tipo de gest\u00e3o, que vai a campo para escutar e entender o problema. Caso contr\u00e1rio, voc\u00ea nunca consegue tomar a decis\u00e3o mais adequada. Sou um governador que pisa no ch\u00e3o de f\u00e1brica, onde o mundo real acontece\u201d, disse o governador Romeu Zema.<\/p>\n<p><main class=\"clear margin-md-bottom-3\"><\/p>\n<div class=\"clear \">\n<p>O\u00a0<a href=\"http:\/\/www.mg.gov.br\/\" target=\"_blank\" rel=\"noopener\">Governo de Minas<\/a>\u00a0atua em favor para o desenvolvimento do segmento. Sabar\u00e1 possui 25 produtores assistidos pela\u00a0<a href=\"http:\/\/www.emater.mg.gov.br\/\" target=\"_blank\" rel=\"noopener\">Empresa de Assist\u00eancia T\u00e9cnica e Extens\u00e3o Rural do Estado de Minas Gerais (Emater-MG)<\/a>, que oferece cursos de processamento, produ\u00e7\u00e3o de vinho da jabuticaba, pr\u00e1ticas de manipula\u00e7\u00e3o e rotulagem.<\/p>\n<p><strong>Selo<\/strong><\/p>\n<p>Em 2018, o Instituto Nacional da Propriedade Industrial (INPI) concedeu o selo de Indica\u00e7\u00e3o Geogr\u00e1fica (IG) para os produtos de Sabar\u00e1. Licor, geleia, molho, casca cristalizada e compota receberam o selo.\u00a0 Para conseguir o IG, os produtores contaram com o relat\u00f3rio da Emater-MG sobre a rela\u00e7\u00e3o hist\u00f3rica de Sabar\u00e1 com a produ\u00e7\u00e3o de jabuticaba. O selo ajuda na valoriza\u00e7\u00e3o nos mercados nacional e internacional.<\/p>\n<p>Para estimular e ressaltar a produ\u00e7\u00e3o, a cidade realiza concursos de melhor geleia, licor e produtos inovadores. Segundo o IBGE, a produ\u00e7\u00e3o de jabuticabas em Minas \u00e9 de 283 toneladas\/ano. A cidade conta com pelo menos dez estabelecimentos que trabalham com derivados da fruta, sendo lojas de artesanato, emp\u00f3rios, hot\u00e9is, restaurante e outros. Al\u00e9m disso, a lei municipal de 1982 preserva o plantio de jabuticabeiras na cidade. Quem tem uma \u00e1rvore no quintal de casa ganha desconto no IPTU.<\/p>\n<p><span style=\"font-weight: 400;\">Fonte: Ag\u00eancia Minas <\/span><\/p>\n<\/div>\n<p><\/main><\/p>\n","protected":false},"excerpt":{"rendered":"<p>O governador Romeu Zema se reuniu, nesta quarta-feira (1\/6), em Sabar\u00e1, na Regi\u00e3o Metropolitana de Belo Horizonte (RMBH), com produtores de jabuticaba, fruta que \u00e9 patrim\u00f4nio imaterial do munic\u00edpio. O encontro serviu para discutir demandas do setor e ouvir as necessidades dos produtores que movimentam a economia da regi\u00e3o com a produ\u00e7\u00e3o da fruta e [&hellip;]<\/p>\n","protected":false},"author":246,"featured_media":199749,"comment_status":"closed","ping_status":"closed","sticky":false,"template":"","format":"standard","meta":{"footnotes":""},"categories":[436,254,439],"tags":[],"class_list":["post-199748","post","type-post","status-publish","format-standard","has-post-thumbnail","hentry","category-destaque-da-semana","category-politica","category-ultima-hora"],"_links":{"self":[{"href":"https:\/\/diarioregionaldigital.com.br\/index.php?rest_route=\/wp\/v2\/posts\/199748","targetHints":{"allow":["GET"]}}],"collection":[{"href":"https:\/\/diarioregionaldigital.com.br\/index.php?rest_route=\/wp\/v2\/posts"}],"about":[{"href":"https:\/\/diarioregionaldigital.com.br\/index.php?rest_route=\/wp\/v2\/types\/post"}],"author":[{"embeddable":true,"href":"https:\/\/diarioregionaldigital.com.br\/index.php?rest_route=\/wp\/v2\/users\/246"}],"replies":[{"embeddable":true,"href":"https:\/\/diarioregionaldigital.com.br\/index.php?rest_route=%2Fwp%2Fv2%2Fcomments&post=199748"}],"version-history":[{"count":1,"href":"https:\/\/diarioregionaldigital.com.br\/index.php?rest_route=\/wp\/v2\/posts\/199748\/revisions"}],"predecessor-version":[{"id":199750,"href":"https:\/\/diarioregionaldigital.com.br\/index.php?rest_route=\/wp\/v2\/posts\/199748\/revisions\/199750"}],"wp:featuredmedia":[{"embeddable":true,"href":"https:\/\/diarioregionaldigital.com.br\/index.php?rest_route=\/wp\/v2\/media\/199749"}],"wp:attachment":[{"href":"https:\/\/diarioregionaldigital.com.br\/index.php?rest_route=%2Fwp%2Fv2%2Fmedia&parent=199748"}],"wp:term":[{"taxonomy":"category","embeddable":true,"href":"https:\/\/diarioregionaldigital.com.br\/index.php?rest_route=%2Fwp%2Fv2%2Fcategories&post=199748"},{"taxonomy":"post_tag","embeddable":true,"href":"https:\/\/diarioregionaldigital.com.br\/index.php?rest_route=%2Fwp%2Fv2%2Ftags&post=199748"}],"curies":[{"name":"wp","href":"https:\/\/api.w.org\/{rel}","templated":true}]}}