{"id":199744,"date":"2022-06-01T17:56:42","date_gmt":"2022-06-01T20:56:42","guid":{"rendered":"https:\/\/diarioregionaldigital.com.br\/?p=199744"},"modified":"2022-06-01T17:56:42","modified_gmt":"2022-06-01T20:56:42","slug":"governo-de-minas-entrega-registros-imobiliarios-a-48-familias-reassentadas-para-obras-contra-enchentes","status":"publish","type":"post","link":"https:\/\/diarioregionaldigital.com.br\/?p=199744","title":{"rendered":"Governo de Minas entrega registros imobili\u00e1rios a 48 fam\u00edlias reassentadas para obras contra enchentes"},"content":{"rendered":"<p>O\u00a0<a href=\"https:\/\/www.mg.gov.br\/\" target=\"_blank\" rel=\"noopener\">Governo de Minas<\/a>, por meio da\u00a0<a href=\"http:\/\/www.infraestrutura.mg.gov.br\/\" target=\"_blank\" rel=\"noopener\">Secretaria de Estado de Infraestrutura e Mobilidade (Seinfra)<\/a>\u00a0e do\u00a0<a href=\"http:\/\/www.der.mg.gov.br\/\" target=\"_blank\" rel=\"noopener\">Departamento de Edifica\u00e7\u00f5es e Estradas de Rodagem (DER-MG)<\/a>, entregou, nessa ter\u00e7a-feira (31\/5), os registros definitivos de propriedade para 48 fam\u00edlias que foram reassentadas para as obras de requalifica\u00e7\u00e3o do ribeir\u00e3o Arrudas, na divisa entre Belo Horizonte e Contagem.<\/p>\n<p>Os moradores j\u00e1 vivem nos im\u00f3veis h\u00e1 mais de dez anos e, somente agora, com a entrega das escrituras, passam a ser legalmente donos dos apartamentos, localizados no N\u00facleo Habitacional David Sarnoff, em Contagem.<\/p>\n<p>Antes de se mudarem para os apartamentos, as fam\u00edlias viviam \u00e0s margens do Ribeir\u00e3o Arrudas, sob o risco de inunda\u00e7\u00f5es e desmoronamentos nos dias de fortes chuvas, e foram removidas e reassentadas nas unidades habitacionais, constru\u00eddas com recursos do Estado e da Uni\u00e3o.<\/p>\n<p>Em 2019, primeiro ano de gest\u00e3o do governador Romeu Zema, a Seinfra e o DER-MG entregaram outros 368 registros de propriedade, garantindo seguran\u00e7a jur\u00eddica para as fam\u00edlias e marcando uma nova fase na vida dos moradores.<\/p>\n<p>&#8220;\u00c9 uma sensa\u00e7\u00e3o muito boa. A expectativa era muito grande e agora, com o documento, estamos mais tranquilos&#8221;, comemora o morador Cl\u00e1udio Marcio Santos, que h\u00e1 oito anos vive no local com a esposa e a filha.<\/p>\n<p><strong>PAC Arrudas<\/strong><\/p>\n<p>A obra de requalifica\u00e7\u00e3o urbana e ambiental do ribeir\u00e3o Arrudas fez parte do Programa de Acelera\u00e7\u00e3o do Crescimento (PAC), e, al\u00e9m do governo estadual, envolveu o governo federal, por meio do Minist\u00e9rio das Cidades e Caixa Econ\u00f4mica Federal, e os munic\u00edpios de Contagem e Belo Horizonte.<\/p>\n<p>O empreendimento PAC Arrudas teve suas principais obras conclu\u00eddas em 2013. \u00c0 \u00e9poca, foi acordado entre as gest\u00f5es estadual e federal a constru\u00e7\u00e3o de bacias de conten\u00e7\u00e3o de cheias, remo\u00e7\u00e3o das fam\u00edlias do local com constru\u00e7\u00e3o de unidades habitacionais adequadas, al\u00e9m de urbaniza\u00e7\u00e3o e drenagem de vias. No entanto, grande parte das obras n\u00e3o foi realizada.<\/p>\n<p><strong>Moradias<\/strong><\/p>\n<p>No in\u00edcio deste m\u00eas de maio, durante assinatura de conv\u00eanio para obras de combate \u00e0s enchentes em Belo Horizonte e Contagem, o governador de Minas anunciou que parte dos recursos inclu\u00eddos no Termo de Repara\u00e7\u00e3o da Vale tamb\u00e9m ir\u00e3o propiciar a conclus\u00e3o de unidades habitacionais para cerca de 500 fam\u00edlias que foram removidas das \u00e1reas de constru\u00e7\u00e3o das Bacias do C\u00f3rrego Ferrugem, h\u00e1 cerca de dez\u00a0anos, e ainda hoje dependem de aluguel social pago pelo Estado.<\/p>\n<p>Al\u00e9m disso, ser\u00e3o destinados recursos ao pagamento de indeniza\u00e7\u00f5es para fam\u00edlias que n\u00e3o optaram por receber o apartamento.<\/p>\n<p>A trag\u00e9dia causada pelo rompimento da Mina C\u00f3rrego do Feij\u00e3o, em Brumadinho, aconteceu em 25 de janeiro de 2019, e tirou a vida de 272 pessoas.<\/p>\n<p><span style=\"font-weight: 400;\">Fonte: Ag\u00eancia Minas <\/span><\/p>\n","protected":false},"excerpt":{"rendered":"<p>O\u00a0Governo de Minas, por meio da\u00a0Secretaria de Estado de Infraestrutura e Mobilidade (Seinfra)\u00a0e do\u00a0Departamento de Edifica\u00e7\u00f5es e Estradas de Rodagem (DER-MG), entregou, nessa ter\u00e7a-feira (31\/5), os registros definitivos de propriedade para 48 fam\u00edlias que foram reassentadas para as obras de requalifica\u00e7\u00e3o do ribeir\u00e3o Arrudas, na divisa entre Belo Horizonte e Contagem. Os moradores j\u00e1 vivem [&hellip;]<\/p>\n","protected":false},"author":246,"featured_media":199745,"comment_status":"closed","ping_status":"closed","sticky":false,"template":"","format":"standard","meta":{"footnotes":""},"categories":[436,254,439],"tags":[],"class_list":["post-199744","post","type-post","status-publish","format-standard","has-post-thumbnail","hentry","category-destaque-da-semana","category-politica","category-ultima-hora"],"_links":{"self":[{"href":"https:\/\/diarioregionaldigital.com.br\/index.php?rest_route=\/wp\/v2\/posts\/199744","targetHints":{"allow":["GET"]}}],"collection":[{"href":"https:\/\/diarioregionaldigital.com.br\/index.php?rest_route=\/wp\/v2\/posts"}],"about":[{"href":"https:\/\/diarioregionaldigital.com.br\/index.php?rest_route=\/wp\/v2\/types\/post"}],"author":[{"embeddable":true,"href":"https:\/\/diarioregionaldigital.com.br\/index.php?rest_route=\/wp\/v2\/users\/246"}],"replies":[{"embeddable":true,"href":"https:\/\/diarioregionaldigital.com.br\/index.php?rest_route=%2Fwp%2Fv2%2Fcomments&post=199744"}],"version-history":[{"count":2,"href":"https:\/\/diarioregionaldigital.com.br\/index.php?rest_route=\/wp\/v2\/posts\/199744\/revisions"}],"predecessor-version":[{"id":199747,"href":"https:\/\/diarioregionaldigital.com.br\/index.php?rest_route=\/wp\/v2\/posts\/199744\/revisions\/199747"}],"wp:featuredmedia":[{"embeddable":true,"href":"https:\/\/diarioregionaldigital.com.br\/index.php?rest_route=\/wp\/v2\/media\/199745"}],"wp:attachment":[{"href":"https:\/\/diarioregionaldigital.com.br\/index.php?rest_route=%2Fwp%2Fv2%2Fmedia&parent=199744"}],"wp:term":[{"taxonomy":"category","embeddable":true,"href":"https:\/\/diarioregionaldigital.com.br\/index.php?rest_route=%2Fwp%2Fv2%2Fcategories&post=199744"},{"taxonomy":"post_tag","embeddable":true,"href":"https:\/\/diarioregionaldigital.com.br\/index.php?rest_route=%2Fwp%2Fv2%2Ftags&post=199744"}],"curies":[{"name":"wp","href":"https:\/\/api.w.org\/{rel}","templated":true}]}}