{"id":199740,"date":"2022-06-01T17:55:12","date_gmt":"2022-06-01T20:55:12","guid":{"rendered":"https:\/\/diarioregionaldigital.com.br\/?p=199740"},"modified":"2022-06-01T17:55:12","modified_gmt":"2022-06-01T20:55:12","slug":"farmacia-de-minas-de-bh-e-28-nucleos-no-interior-atuam-para-ampliar-acesso-a-medicamentos-fornecidos-pelo-sus","status":"publish","type":"post","link":"https:\/\/diarioregionaldigital.com.br\/?p=199740","title":{"rendered":"Farm\u00e1cia de Minas de BH e 28 n\u00facleos no interior atuam para ampliar acesso a medicamentos fornecidos pelo SUS"},"content":{"rendered":"<p>V\u00e1rios medicamentos fornecidos pelo Sistema \u00danico de Sa\u00fade (SUS) podem ser obtidos nos estados e munic\u00edpios. Em Minas Gerais, a assist\u00eancia ocorre na Farm\u00e1cia de Minas Regional Belo Horizonte e em mais 28 n\u00facleos do interior, contribuindo para a sa\u00fade de v\u00e1rias pessoas que precisam come\u00e7ar ou dar sequ\u00eancia a tratamentos espec\u00edficos.<\/p>\n<p>A diretora de medicamentos especializados da SES-MG, Fl\u00e1via Rabelo, destaca a import\u00e2ncia da unidade da capital na disponibiliza\u00e7\u00e3o dos medicamentos. Por l\u00e1\u00a0s\u00e3o atendidas 2,5 mil pessoas diariamente.<\/p>\n<p>\u201cA unidade disponibiliza aos usu\u00e1rios do SUS os medicamentos especializados, que contribuem para a integralidade da aten\u00e7\u00e3o \u00e0 sa\u00fade em n\u00edvel ambulatorial de doen\u00e7as de alta complexidade. O acesso a esses medicamentos, integrantes do Componente Especializado da Assist\u00eancia Farmac\u00eautica, visa promover o uso racional de medicamentos e o seguimento farmacoterap\u00eautico iniciado na aten\u00e7\u00e3o b\u00e1sica\u201d, afirma.<\/p>\n<p>Vale lembrar que qualquer cidad\u00e3o pode fazer a solicita\u00e7\u00e3o de receitas. O representante comercial, Walcir Ferreira Rodrigues, por exemplo, comparece \u00e0 Farm\u00e1cia de Minas da Regional Belo Horizonte h\u00e1 oito anos\u00a0para buscar o medicamento da esposa, que tem Parkinson. Ele reconhece a import\u00e2ncia da farm\u00e1cia para quem necessita de medicamentos de alto custo. \u201cO rem\u00e9dio que eu pego aqui \u00e9 muito caro, eu n\u00e3o teria condi\u00e7\u00f5es de comprar e minha esposa depende dele diariamente. Sobre o atendimento da farm\u00e1cia n\u00e3o tenho o que reclamar, pois sempre fui muito bem atendido\u201d, diz.<\/p>\n<p><strong>Distribui\u00e7\u00e3o<\/strong><\/p>\n<p>Para facilitar o acesso ao tratamento gratuito, todos os f\u00e1rmacos fornecidos s\u00e3o divididos em componentes da assist\u00eancia farmac\u00eautica. Confira:<\/p>\n<p><u>Medicamentos do Componente Especializado (Ceaf)<\/u><\/p>\n<p>S\u00e3o medicamentos utilizados em doen\u00e7as raras, de baixa preval\u00eancia ou de uso cr\u00f4nico prolongado, com alto custo unit\u00e1rio. \u00a0Para obter esse tipo de medicamento, o cidad\u00e3o deve, antes de comparecer a um dos 28 n\u00facleos de assist\u00eancia farmac\u00eautica, conferir se o medicamento prescrito para o seu tratamento \u00e9 fornecido. No site da Secretaria de Estado de Sa\u00fade de Minas Gerais (SES-MG), o p\u00fablico pode verificar informa\u00e7\u00f5es sobre o medicamento por meio de uma pesquisa por ordem alfab\u00e9tica ou pelo nome da doen\u00e7a. Outro fator importante \u00e9 que a pessoa deve, tamb\u00e9m, providenciar documentos e exames exigidos, de acordo com o checklist para o tratamento espec\u00edfico.<\/p>\n<p>Ap\u00f3s cumprir essas etapas iniciais, o cidad\u00e3o deve comparecer \u00e0 Farm\u00e1cia de Minas da regional de Sa\u00fade, com todos os documentos em m\u00e3os, para solicitar o rem\u00e9dio. No caso de medicamentos retirados na Farm\u00e1cia de Minas da Regional de Belo Horizonte, \u00e9 necess\u00e1rio agendar um hor\u00e1rio, por meio do MG App ou pelo site\u00a0<a href=\"http:\/\/www.mg.gov.br\/\" target=\"_blank\" rel=\"noopener\">mg.gov.br<\/a>.<\/p>\n<p>Tamb\u00e9m por meio dessas ferramentas, o cidad\u00e3o deve acompanhar o status da solicita\u00e7\u00e3o. O prazo m\u00e9dio para an\u00e1lise \u00e9 de 30 dias corridos.<\/p>\n<p>Com o pedido aceito, \u00a0a pessoa pode comparecer \u00e0 farm\u00e1cia ou fazer contato telef\u00f4nico para receber orienta\u00e7\u00f5es sobre o seu primeiro atendimento. Caso o pedido da solicita\u00e7\u00e3o do medicamento seja devolvido, como por exemplo pela falta de algum documento ou exame, a negativa ser\u00e1 explicada ao cidad\u00e3o por meio de um parecer. Neste caso, a pessoa deve resolver as pend\u00eancias descritas e comparecer \u00e0 farm\u00e1cia em at\u00e9 90 dias. Caso o pedido seja indeferido (este indeferimento segue os protocolos cl\u00ednicos do Minist\u00e9rio da Sa\u00fade), o cidad\u00e3o deve verificar o motivo do indeferimento e comunicar ao m\u00e9dico que realizou o pedido. O processo de acompanhamento at\u00e9 o retorno da solicita\u00e7\u00e3o tamb\u00e9m deve ser feito pelo MG App ou pelo site mg.gov.br.<\/p>\n<p><u>Medicamentos do Componente Estrat\u00e9gico (Cesaf)<\/u><\/p>\n<p>S\u00e3o medicamentos utilizados contra doen\u00e7as que s\u00e3o problemas de sa\u00fade p\u00fablica cujo controle e tratamento tenham protocolos estabelecidos. O Minist\u00e9rio da Sa\u00fade adquire e distribui esses medicamentos aos estados, sendo responsabilidade do Estado a distribui\u00e7\u00e3o aos munic\u00edpios. Medicamentos para infec\u00e7\u00e3o oportunista do Programa IST\/AIDS e medicamentos para tratamento da fase aguda de arboviroses s\u00e3o adquiridos pela Secretaria de Estado de Sa\u00fade de Minas Gerais (SES-MG) em programas espec\u00edficos e distribu\u00eddos aos munic\u00edpios.<\/p>\n<p>O acesso do cidad\u00e3o a esses medicamentos \u00e9 feito apresentando a receita, um documento de identifica\u00e7\u00e3o e o cart\u00e3o nacional do SUS em uma farm\u00e1cia municipal. Uma an\u00e1lise \u00e9 feita pelo farmac\u00eautico respons\u00e1vel e, estando tudo correto, a entrega do medicamento \u00e9 realizada.<\/p>\n<p><u>Medicamentos do Componente B\u00e1sico (CBAF)<\/u><\/p>\n<p>S\u00e3o medicamentos destinados \u00e0 Aten\u00e7\u00e3o Prim\u00e1ria \u00e0 Sa\u00fade para tratamento de condi\u00e7\u00f5es de hipertens\u00e3o, diabetes, infec\u00e7\u00f5es e outras doen\u00e7as. Em Minas estes medicamentos s\u00e3o adquiridos pelos munic\u00edpios com coopera\u00e7\u00e3o do Estado. \u00a0O cidad\u00e3o deve verificar a disponibilidade do medicamento na unidade b\u00e1sica de sa\u00fade mais pr\u00f3xima da sua resid\u00eancia. Para a retirada, tamb\u00e9m \u00e9 necess\u00e1rio apresentar a receita m\u00e9dica, um documento de identifica\u00e7\u00e3o e o cart\u00e3o nacional do SUS.<\/p>\n<p><strong>Facilidade no tr\u00e2nsito<\/strong><\/p>\n<p>O Estado vem criando a\u00e7\u00f5es para que o cidad\u00e3o tenha cada vez mais acesso aos medicamentos do componente especializado entregues nas Farm\u00e1cias de Minas de todo o estado.\u00a0Uma delas \u00e9 facilitar a entrega para pacientes que, por algum motivo, n\u00e3o possam comparecer \u00e0 farm\u00e1cia. Neste caso, ele pode designar representantes para a retirada do medicamento preenchendo a declara\u00e7\u00e3o autorizadora. O representante informado deve apresentar c\u00f3pia do documento de identifica\u00e7\u00e3o, al\u00e9m de informar endere\u00e7o e telefone.<\/p>\n<p>Coordenadora da Farm\u00e1cia de Minas de Belo Horizonte, Patr\u00edcia Oliveira esclarece que as pessoas devem comparecer \u00e0 Farm\u00e1cia de Minas nos dias e hor\u00e1rios agendados. E lembra que no estabelecimento ainda \u00e9 necess\u00e1rio o uso da m\u00e1scara.<\/p>\n<p>\u201cProcuramos sempre realizar um bom atendimento para todas as pessoas que s\u00e3o usu\u00e1rias da farm\u00e1cia de Minas e precisamos da colabora\u00e7\u00e3o delas para que esse bom atendimento seja mantido. No caso da Farm\u00e1cia de Minas da capital, o comparecimento nos dias e hor\u00e1rios agendados contribui muito para a agilidade na entrega do medicamento. Al\u00e9m disso, ficam menos pessoas na espera pelo atendimento, o que diminui a fila. Tamb\u00e9m refor\u00e7amos que, para a sa\u00fade e seguran\u00e7a de todos, o uso da m\u00e1scara no interior da farm\u00e1cia tamb\u00e9m \u00e9 necess\u00e1rio e obrigat\u00f3rio\u201d, afirma.<\/p>\n<p>Contando com os servi\u00e7os da Farm\u00e1cia de Minas de Belo Horizonte h\u00e1 cerca de um ano e realizando um tratamento de hemodi\u00e1lise, Talita Castelo Branco tamb\u00e9m reconhece a import\u00e2ncia do suporte. &#8220;Se n\u00e3o fosse pela Farm\u00e1cia de Minas, eu n\u00e3o teria condi\u00e7\u00f5es de adquirir o rem\u00e9dio, necess\u00e1rio o m\u00eas todo e de alto custo. Se n\u00e3o fosse a farm\u00e1cia, n\u00e3o teria condi\u00e7\u00f5es de adquirir. O atendimento \u00e9 r\u00e1pido, \u00e1gil, os atendentes s\u00e3o educados. Nunca tive problemas\u201d, refor\u00e7a.<br \/>\nMais informa\u00e7\u00f5es sobre entrega de medicamentos pelo Estado, fluxos e renova\u00e7\u00e3o de receitas acesse\u00a0<a href=\"https:\/\/www.saude.mg.gov.br\/obtermedicamentos\" target=\"_blank\" rel=\"noopener\">www.saude.mg.gov.br\/obtermedicamentos<\/a>.<\/p>\n<p><span style=\"font-weight: 400;\">Fonte: Ag\u00eancia Minas <\/span><\/p>\n","protected":false},"excerpt":{"rendered":"<p>V\u00e1rios medicamentos fornecidos pelo Sistema \u00danico de Sa\u00fade (SUS) podem ser obtidos nos estados e munic\u00edpios. Em Minas Gerais, a assist\u00eancia ocorre na Farm\u00e1cia de Minas Regional Belo Horizonte e em mais 28 n\u00facleos do interior, contribuindo para a sa\u00fade de v\u00e1rias pessoas que precisam come\u00e7ar ou dar sequ\u00eancia a tratamentos espec\u00edficos. A diretora de [&hellip;]<\/p>\n","protected":false},"author":246,"featured_media":199741,"comment_status":"closed","ping_status":"closed","sticky":false,"template":"","format":"standard","meta":{"footnotes":""},"categories":[436,254,439],"tags":[],"class_list":["post-199740","post","type-post","status-publish","format-standard","has-post-thumbnail","hentry","category-destaque-da-semana","category-politica","category-ultima-hora"],"_links":{"self":[{"href":"https:\/\/diarioregionaldigital.com.br\/index.php?rest_route=\/wp\/v2\/posts\/199740","targetHints":{"allow":["GET"]}}],"collection":[{"href":"https:\/\/diarioregionaldigital.com.br\/index.php?rest_route=\/wp\/v2\/posts"}],"about":[{"href":"https:\/\/diarioregionaldigital.com.br\/index.php?rest_route=\/wp\/v2\/types\/post"}],"author":[{"embeddable":true,"href":"https:\/\/diarioregionaldigital.com.br\/index.php?rest_route=\/wp\/v2\/users\/246"}],"replies":[{"embeddable":true,"href":"https:\/\/diarioregionaldigital.com.br\/index.php?rest_route=%2Fwp%2Fv2%2Fcomments&post=199740"}],"version-history":[{"count":2,"href":"https:\/\/diarioregionaldigital.com.br\/index.php?rest_route=\/wp\/v2\/posts\/199740\/revisions"}],"predecessor-version":[{"id":199743,"href":"https:\/\/diarioregionaldigital.com.br\/index.php?rest_route=\/wp\/v2\/posts\/199740\/revisions\/199743"}],"wp:featuredmedia":[{"embeddable":true,"href":"https:\/\/diarioregionaldigital.com.br\/index.php?rest_route=\/wp\/v2\/media\/199741"}],"wp:attachment":[{"href":"https:\/\/diarioregionaldigital.com.br\/index.php?rest_route=%2Fwp%2Fv2%2Fmedia&parent=199740"}],"wp:term":[{"taxonomy":"category","embeddable":true,"href":"https:\/\/diarioregionaldigital.com.br\/index.php?rest_route=%2Fwp%2Fv2%2Fcategories&post=199740"},{"taxonomy":"post_tag","embeddable":true,"href":"https:\/\/diarioregionaldigital.com.br\/index.php?rest_route=%2Fwp%2Fv2%2Ftags&post=199740"}],"curies":[{"name":"wp","href":"https:\/\/api.w.org\/{rel}","templated":true}]}}