{"id":199712,"date":"2022-05-01T06:00:49","date_gmt":"2022-05-01T09:00:49","guid":{"rendered":"https:\/\/diarioregionaldigital.com.br\/?p=199712"},"modified":"2022-06-01T00:02:49","modified_gmt":"2022-06-01T03:02:49","slug":"prefeitura-municipal-de-descoberto-notificacao-01-06-2022","status":"publish","type":"post","link":"https:\/\/diarioregionaldigital.com.br\/?p=199712","title":{"rendered":"Prefeitura Municipal de Descoberto &#8211; Notifica\u00e7\u00e3o &#8211; 01\/06\/2022"},"content":{"rendered":"<p style=\"text-align: center;\"><strong>EDITAL DE NOTIFICA\u00c7\u00c3O<\/strong><\/p>\n<p style=\"text-align: center;\">O Presidente da Comiss\u00e3o de Processo Administrativo Disciplinar designada pela Portaria n.56\/2022, para apurar eventuais responsabilidades administrativas constantes no Processo Disciplinar n.01\/2022 e fatos conexos, NOTIFICA o servidor Tiago Gomes de Souza, para comparecer com a finalidade de realizar o seu INTERROGAT\u00d3RIO, por esta comiss\u00e3o, quanto aos fatos e atos narrados nos autos do processo em ep\u00edgrafe, no dia 08 de junho de 2022, \u00e0s 10h00min, na sala de reuni\u00f5es, da sede a Prefeitura Municipal (Rua Capit\u00e3o Bas\u00edlio, 39, centro, Descoberto\/MG), onde tamb\u00e9m se encontra instalada a Comiss\u00e3o. Notifica-se o servidor, ademais, para apresentar, no prazo de <strong>10 (dez) dias ap\u00f3s a realiza\u00e7\u00e3o do interrogat\u00f3rio<\/strong>, defesa escrita sobre os fatos articulados em seu desfavor. Informando que o Processo Administrativo Disciplinar se encontra a Vossa disposi\u00e7\u00e3o para consulta ou obten\u00e7\u00e3o de fotoc\u00f3pia no Setor de Pessoal do Munic\u00edpio de Descoberto (endere\u00e7o supra), nos dias \u00fateis de 13h \u00e0s 17h. Descoberto, 31\/05\/2022.<\/p>\n","protected":false},"excerpt":{"rendered":"<p>EDITAL DE NOTIFICA\u00c7\u00c3O O Presidente da Comiss\u00e3o de Processo Administrativo Disciplinar designada pela Portaria n.56\/2022, para apurar eventuais responsabilidades administrativas constantes no Processo Disciplinar n.01\/2022 e fatos conexos, NOTIFICA o servidor Tiago Gomes de Souza, para comparecer com a finalidade de realizar o seu INTERROGAT\u00d3RIO, por esta comiss\u00e3o, quanto aos fatos e atos narrados nos [&hellip;]<\/p>\n","protected":false},"author":96,"featured_media":0,"comment_status":"closed","ping_status":"closed","sticky":false,"template":"","format":"standard","meta":{"footnotes":""},"categories":[307],"tags":[],"class_list":["post-199712","post","type-post","status-publish","format-standard","hentry","category-editais"],"_links":{"self":[{"href":"https:\/\/diarioregionaldigital.com.br\/index.php?rest_route=\/wp\/v2\/posts\/199712","targetHints":{"allow":["GET"]}}],"collection":[{"href":"https:\/\/diarioregionaldigital.com.br\/index.php?rest_route=\/wp\/v2\/posts"}],"about":[{"href":"https:\/\/diarioregionaldigital.com.br\/index.php?rest_route=\/wp\/v2\/types\/post"}],"author":[{"embeddable":true,"href":"https:\/\/diarioregionaldigital.com.br\/index.php?rest_route=\/wp\/v2\/users\/96"}],"replies":[{"embeddable":true,"href":"https:\/\/diarioregionaldigital.com.br\/index.php?rest_route=%2Fwp%2Fv2%2Fcomments&post=199712"}],"version-history":[{"count":1,"href":"https:\/\/diarioregionaldigital.com.br\/index.php?rest_route=\/wp\/v2\/posts\/199712\/revisions"}],"predecessor-version":[{"id":199713,"href":"https:\/\/diarioregionaldigital.com.br\/index.php?rest_route=\/wp\/v2\/posts\/199712\/revisions\/199713"}],"wp:attachment":[{"href":"https:\/\/diarioregionaldigital.com.br\/index.php?rest_route=%2Fwp%2Fv2%2Fmedia&parent=199712"}],"wp:term":[{"taxonomy":"category","embeddable":true,"href":"https:\/\/diarioregionaldigital.com.br\/index.php?rest_route=%2Fwp%2Fv2%2Fcategories&post=199712"},{"taxonomy":"post_tag","embeddable":true,"href":"https:\/\/diarioregionaldigital.com.br\/index.php?rest_route=%2Fwp%2Fv2%2Ftags&post=199712"}],"curies":[{"name":"wp","href":"https:\/\/api.w.org\/{rel}","templated":true}]}}