{"id":199592,"date":"2022-05-30T17:46:04","date_gmt":"2022-05-30T20:46:04","guid":{"rendered":"https:\/\/diarioregionaldigital.com.br\/?p=199592"},"modified":"2022-05-30T17:46:04","modified_gmt":"2022-05-30T20:46:04","slug":"indice-usado-em-contratos-de-aluguel-tem-inflacao-de-052-em-maio","status":"publish","type":"post","link":"https:\/\/diarioregionaldigital.com.br\/?p=199592","title":{"rendered":"\u00cdndice usado em contratos de aluguel tem infla\u00e7\u00e3o de 0,52% em maio"},"content":{"rendered":"<p>O\u00a0\u00cdndice Geral de Pre\u00e7os \u2013 Mercado (IGP-M), usado no reajuste dos contratos de aluguel,\u00a0registrou infla\u00e7\u00e3o de 0,52% em maio deste ano. A taxa ficou abaixo das observadas no m\u00eas anterior (1,41%) e em maio de 2021 (4,10%).<img decoding=\"async\" src=\"https:\/\/agenciabrasil.ebc.com.br\/ebc.png?id=1462469&amp;o=node\" \/><img decoding=\"async\" src=\"https:\/\/agenciabrasil.ebc.com.br\/ebc.gif?id=1462469&amp;o=node\" \/><\/p>\n<p>Com\u00a0o resultado, o IGP-M acumula taxas de infla\u00e7\u00e3o de 7,54% no ano e de 10,72% em 12 meses. Em maio de 2021, o\u00a0IGP-M acumulava alta de 37,04% em 12 meses.<\/p>\n<p>A queda da taxa\u00a0de abril\u00a0para maio foi puxada pelos pre\u00e7os no atacado e no varejo. O \u00cdndice de Pre\u00e7os ao Produtor Amplo (IPA), que mede o atacado, caiu de 1,45% em abril para 0,45% em maio.<\/p>\n<p>O \u00cdndice de Pre\u00e7os ao Consumidor (IPC), que mede o varejo, passou de 1,53% em abril para 0,35% em maio.<\/p>\n<p>Por outro lado, o \u00cdndice Nacional de Custo da Constru\u00e7\u00e3o (INCC) recuou de 0,87% para 1,49% no per\u00edodo.<\/p>\n<p><span style=\"font-weight: 400;\">Fonte: Ag\u00eancia Brasil <\/span><\/p>\n","protected":false},"excerpt":{"rendered":"<p>O\u00a0\u00cdndice Geral de Pre\u00e7os \u2013 Mercado (IGP-M), usado no reajuste dos contratos de aluguel,\u00a0registrou infla\u00e7\u00e3o de 0,52% em maio deste ano. A taxa ficou abaixo das observadas no m\u00eas anterior (1,41%) e em maio de 2021 (4,10%). Com\u00a0o resultado, o IGP-M acumula taxas de infla\u00e7\u00e3o de 7,54% no ano e de 10,72% em 12 meses. [&hellip;]<\/p>\n","protected":false},"author":246,"featured_media":199593,"comment_status":"closed","ping_status":"closed","sticky":false,"template":"","format":"standard","meta":{"footnotes":""},"categories":[436,440,261,439],"tags":[],"class_list":["post-199592","post","type-post","status-publish","format-standard","has-post-thumbnail","hentry","category-destaque-da-semana","category-destaques-do-dia","category-economia","category-ultima-hora"],"_links":{"self":[{"href":"https:\/\/diarioregionaldigital.com.br\/index.php?rest_route=\/wp\/v2\/posts\/199592","targetHints":{"allow":["GET"]}}],"collection":[{"href":"https:\/\/diarioregionaldigital.com.br\/index.php?rest_route=\/wp\/v2\/posts"}],"about":[{"href":"https:\/\/diarioregionaldigital.com.br\/index.php?rest_route=\/wp\/v2\/types\/post"}],"author":[{"embeddable":true,"href":"https:\/\/diarioregionaldigital.com.br\/index.php?rest_route=\/wp\/v2\/users\/246"}],"replies":[{"embeddable":true,"href":"https:\/\/diarioregionaldigital.com.br\/index.php?rest_route=%2Fwp%2Fv2%2Fcomments&post=199592"}],"version-history":[{"count":1,"href":"https:\/\/diarioregionaldigital.com.br\/index.php?rest_route=\/wp\/v2\/posts\/199592\/revisions"}],"predecessor-version":[{"id":199594,"href":"https:\/\/diarioregionaldigital.com.br\/index.php?rest_route=\/wp\/v2\/posts\/199592\/revisions\/199594"}],"wp:featuredmedia":[{"embeddable":true,"href":"https:\/\/diarioregionaldigital.com.br\/index.php?rest_route=\/wp\/v2\/media\/199593"}],"wp:attachment":[{"href":"https:\/\/diarioregionaldigital.com.br\/index.php?rest_route=%2Fwp%2Fv2%2Fmedia&parent=199592"}],"wp:term":[{"taxonomy":"category","embeddable":true,"href":"https:\/\/diarioregionaldigital.com.br\/index.php?rest_route=%2Fwp%2Fv2%2Fcategories&post=199592"},{"taxonomy":"post_tag","embeddable":true,"href":"https:\/\/diarioregionaldigital.com.br\/index.php?rest_route=%2Fwp%2Fv2%2Ftags&post=199592"}],"curies":[{"name":"wp","href":"https:\/\/api.w.org\/{rel}","templated":true}]}}