{"id":199580,"date":"2022-05-27T13:20:15","date_gmt":"2022-05-27T16:20:15","guid":{"rendered":"https:\/\/diarioregionaldigital.com.br\/?p=199580"},"modified":"2022-05-27T13:20:15","modified_gmt":"2022-05-27T16:20:15","slug":"caminho-da-mortalidade-materna-conscientiza-populacao-no-calcadao","status":"publish","type":"post","link":"https:\/\/diarioregionaldigital.com.br\/?p=199580","title":{"rendered":"Caminho da Mortalidade Materna conscientiza popula\u00e7\u00e3o no Cal\u00e7ad\u00e3o"},"content":{"rendered":"<p>Segundo informa\u00e7\u00f5es do site da Prefeitura de Juiz de Fora (PJF), a\u00a0Prefeitura de Juiz de Fora (PJF), encerrando as comemora\u00e7\u00f5es pelo Dia Nacional de Redu\u00e7\u00e3o da Mortalidade Materna, celebrado em 28 de maio, realiza nesta sexta-feira, 27, o Workshop: Conhecendo o caminho para a preven\u00e7\u00e3o da Morte Materna, Infantil e Fetal.<\/p>\n<p>&nbsp;<\/p>\n<p>O Comit\u00ea Municipal de Preven\u00e7\u00e3o \u00e0 Mortalidade Materna, Infantil e Fetal, vinculado \u00e0 Subsecretaria de Vigil\u00e2ncia em Sa\u00fade (SSVS), da Secretaria de Sa\u00fade (SS), montou uma estrutura no Cal\u00e7ad\u00e3o da Rua Halfeld, em frente ao Cine Theatro Central, o Caminho da Mortalidade Materna, com informa\u00e7\u00f5es sobre a evitabilidade da morte materna.<\/p>\n<p>&nbsp;<\/p>\n<p>Na estrutura, que pode ser visitada nesta sexta, at\u00e9 \u00e0s 17h, o p\u00fablico receber\u00e1 orienta\u00e7\u00f5es sobre cada um dos passos de uma gesta\u00e7\u00e3o, de seu planejamento at\u00e9 o nascimento, passando pelo puerp\u00e9rio.<\/p>\n<p>&nbsp;<\/p>\n<p>Conforme a Enfermeira obstetra e Membro do Comit\u00ea,\u00a0Ana Beatriz Querino Souza, \u201cm\u00faltiplas causas podem levar uma mulher a morrer durante a gravidez, parto e p\u00f3s-parto. No Caminho da Mortalidade Materna, orientamos sobre planejamento familiar, m\u00e9todos contraceptivos, pr\u00e9-natal adequado, parto seguro e boas pr\u00e1ticas, al\u00e9m de cuidados com o p\u00f3s parto. Se essa mulher passar por todo esse caminho sem as orienta\u00e7\u00f5es, preven\u00e7\u00f5es e com condutas inadequadas, infelizmente podemos ter o risco de morte, durante gravidez, parto e p\u00f3s-parto\u201d.<\/p>\n<p>&nbsp;<\/p>\n<p>A morte materna \u00e9 o \u00f3bito de uma mulher durante a gesta\u00e7\u00e3o ou em at\u00e9 42 dias ap\u00f3s o t\u00e9rmino da gesta\u00e7\u00e3o, independentemente da dura\u00e7\u00e3o ou da localiza\u00e7\u00e3o da gravidez. \u00c9 causada por qualquer fator relacionado ou agravado pela gravidez ou por medidas tomadas em rela\u00e7\u00e3o a ela.\u00a0\u00a0Somente 15% das mulheres necessitam de cesariana, ao passo que 85% ou mais, dependendo da localidade, podem realizar parto normal. Al\u00e9m disso, a mulher precisa ser acompanhada por profissionais e parceiros no p\u00f3s-parto, o per\u00edodo onde h\u00e1 maior mortalidade.<\/p>\n<p>&nbsp;<\/p>\n<p>Al\u00e9m dessas informa\u00e7\u00f5es, o visitante pode encontrar no Caminho da Mortalidade Materna diversos dados e tirar d\u00favidas com as facilitadoras presentes. \u201cN\u00e3o s\u00f3 os profissionais de sa\u00fade, mas a popula\u00e7\u00e3o tamb\u00e9m precisa saber. Quando a mulher falta uma consulta de pr\u00e9-natal, deixa de fazer um exame, ela pode colocar em risco a pr\u00f3pria vida e a do beb\u00ea. Nosso objetivo hoje \u00e9 conscientizar e mobilizar a popula\u00e7\u00e3o sobre essa preven\u00e7\u00e3o da mortalidade materna, que \u00e9 poss\u00edvel, uma vez que 92% das mortes s\u00e3o evit\u00e1veis\u201d, ressalta Ana Beatriz.<\/p>\n<p>&nbsp;<\/p>\n<p>O Caminho da Mortalidade Materna segue aberto nesta sexta-feira, 27, at\u00e9 \u00e0s 17h. A programa\u00e7\u00e3o continua com a Capacita\u00e7\u00e3o sobre Oficina de Plano de Parto, de 17h \u00e0s 19h, voltada para acad\u00eamicos e professores do Departamento de Enfermagem da UFJF e Liga Acad\u00eamica de Sa\u00fade Materna Infantil da Universidade Federal de Juiz de Fora (UFJF). O evento vai ser realizado na Faculdade de Enfermagem da UFJF, Sala 7.<\/p>\n","protected":false},"excerpt":{"rendered":"<p>Segundo informa\u00e7\u00f5es do site da Prefeitura de Juiz de Fora (PJF), a\u00a0Prefeitura de Juiz de Fora (PJF), encerrando as comemora\u00e7\u00f5es pelo Dia Nacional de Redu\u00e7\u00e3o da Mortalidade Materna, celebrado em 28 de maio, realiza nesta sexta-feira, 27, o Workshop: Conhecendo o caminho para a preven\u00e7\u00e3o da Morte Materna, Infantil e Fetal. &nbsp; O Comit\u00ea Municipal [&hellip;]<\/p>\n","protected":false},"author":246,"featured_media":199581,"comment_status":"closed","ping_status":"closed","sticky":false,"template":"","format":"standard","meta":{"footnotes":""},"categories":[253,436,439],"tags":[],"class_list":["post-199580","post","type-post","status-publish","format-standard","has-post-thumbnail","hentry","category-cidade","category-destaque-da-semana","category-ultima-hora"],"_links":{"self":[{"href":"https:\/\/diarioregionaldigital.com.br\/index.php?rest_route=\/wp\/v2\/posts\/199580","targetHints":{"allow":["GET"]}}],"collection":[{"href":"https:\/\/diarioregionaldigital.com.br\/index.php?rest_route=\/wp\/v2\/posts"}],"about":[{"href":"https:\/\/diarioregionaldigital.com.br\/index.php?rest_route=\/wp\/v2\/types\/post"}],"author":[{"embeddable":true,"href":"https:\/\/diarioregionaldigital.com.br\/index.php?rest_route=\/wp\/v2\/users\/246"}],"replies":[{"embeddable":true,"href":"https:\/\/diarioregionaldigital.com.br\/index.php?rest_route=%2Fwp%2Fv2%2Fcomments&post=199580"}],"version-history":[{"count":1,"href":"https:\/\/diarioregionaldigital.com.br\/index.php?rest_route=\/wp\/v2\/posts\/199580\/revisions"}],"predecessor-version":[{"id":199582,"href":"https:\/\/diarioregionaldigital.com.br\/index.php?rest_route=\/wp\/v2\/posts\/199580\/revisions\/199582"}],"wp:featuredmedia":[{"embeddable":true,"href":"https:\/\/diarioregionaldigital.com.br\/index.php?rest_route=\/wp\/v2\/media\/199581"}],"wp:attachment":[{"href":"https:\/\/diarioregionaldigital.com.br\/index.php?rest_route=%2Fwp%2Fv2%2Fmedia&parent=199580"}],"wp:term":[{"taxonomy":"category","embeddable":true,"href":"https:\/\/diarioregionaldigital.com.br\/index.php?rest_route=%2Fwp%2Fv2%2Fcategories&post=199580"},{"taxonomy":"post_tag","embeddable":true,"href":"https:\/\/diarioregionaldigital.com.br\/index.php?rest_route=%2Fwp%2Fv2%2Ftags&post=199580"}],"curies":[{"name":"wp","href":"https:\/\/api.w.org\/{rel}","templated":true}]}}