{"id":199577,"date":"2022-05-27T13:17:40","date_gmt":"2022-05-27T16:17:40","guid":{"rendered":"https:\/\/diarioregionaldigital.com.br\/?p=199577"},"modified":"2022-05-27T13:17:40","modified_gmt":"2022-05-27T16:17:40","slug":"pjf-disponibiliza-onibus-extra-para-o-estadio-municipal-neste-sabado-28-e-domingo-29","status":"publish","type":"post","link":"https:\/\/diarioregionaldigital.com.br\/?p=199577","title":{"rendered":"PJF disponibiliza \u00f4nibus extra para o Est\u00e1dio Municipal neste s\u00e1bado, 28, e domingo, 29"},"content":{"rendered":"<p>Segundo informa\u00e7\u00f5es do site da Prefeitura de Juiz de Fora (PJF), a \u00a0Prefeitura de Juiz de Fora (PJF) informa que no s\u00e1bado, 28, e domingo, 29, a linha 517 atender\u00e1 as demandas referentes \u00e0s partidas disputadas entre Tupi x Nacional e Tupynamb\u00e1s x Aymores, respectivamente, que acontecer\u00e3o no Est\u00e1dio Municipal Radialista M\u00e1rio Hel\u00eanio.<\/p>\n<p>No s\u00e1bado ser\u00e3o disponibilizados dois ve\u00edculos que realizar\u00e3o viagens nos hor\u00e1rios de 13h45, 14h30 e 14h 45, com sa\u00edda da Av. Pres. Itamar Franco, 992 (em frente ao Procon), seguindo para a Av. Eug\u00eanio do Nascimento, Est\u00e1dio Municipal. Os ve\u00edculos permanecer\u00e3o aguardando o t\u00e9rmino da partida no ponto final do Est\u00e1dio.<\/p>\n<p>O retorno dos torcedores ser\u00e1 realizado nos hor\u00e1rios de 17h 45 e 18h , com sa\u00edda do Est\u00e1dio Municipal, Av. Eug\u00eanio do Nascimento, seguindo para Av. Pres. Itamar Franco, Av. Brasil (M.D.), Ponte Nelson Silva, Av. Brasil (M.E.), Ponte Ant\u00f4nio Carlos, at\u00e9 retornar para a Av. Pres. Itamar Franco, 992.<\/p>\n<p>J\u00e1 o jogo realizado no domingo, ter\u00e1 sa\u00edda da Av. Pres. Itamar Franco, 992 (em frente ao Procon), \u00e0s 9h15 no domingo, e seguir\u00e1 para Av. Eug\u00eanio do Nascimento, Est\u00e1dio Municipal. Os ve\u00edculos permanecer\u00e3o aguardando o t\u00e9rmino da partida no ponto final do Est\u00e1dio.<\/p>\n<p>O retorno dos torcedores ser\u00e1 realizado no hor\u00e1rio das 12h15, com sa\u00edda do Est\u00e1dio Municipal, Av. Eug\u00eanio do Nascimento, seguindo para Av. Pres. Itamar Franco, Av. Brasil (M.D.), Ponte Nelson Silva, Av. Brasil (M.E.), Ponte Ant\u00f4nio Carlos, at\u00e9 retornar para a Av. Pres. Itamar Franco, 992.<\/p>\n<p>Os hor\u00e1rios poder\u00e3o ser ajustados em virtude de atrasos da partida ou por quaisquer motivos que venham interferir na sa\u00edda dos torcedores do Est\u00e1dio.<\/p>\n<p>&nbsp;<\/p>\n","protected":false},"excerpt":{"rendered":"<p>Segundo informa\u00e7\u00f5es do site da Prefeitura de Juiz de Fora (PJF), a \u00a0Prefeitura de Juiz de Fora (PJF) informa que no s\u00e1bado, 28, e domingo, 29, a linha 517 atender\u00e1 as demandas referentes \u00e0s partidas disputadas entre Tupi x Nacional e Tupynamb\u00e1s x Aymores, respectivamente, que acontecer\u00e3o no Est\u00e1dio Municipal Radialista M\u00e1rio Hel\u00eanio. No s\u00e1bado [&hellip;]<\/p>\n","protected":false},"author":246,"featured_media":199578,"comment_status":"closed","ping_status":"closed","sticky":false,"template":"","format":"standard","meta":{"footnotes":""},"categories":[253,436,439],"tags":[],"class_list":["post-199577","post","type-post","status-publish","format-standard","has-post-thumbnail","hentry","category-cidade","category-destaque-da-semana","category-ultima-hora"],"_links":{"self":[{"href":"https:\/\/diarioregionaldigital.com.br\/index.php?rest_route=\/wp\/v2\/posts\/199577","targetHints":{"allow":["GET"]}}],"collection":[{"href":"https:\/\/diarioregionaldigital.com.br\/index.php?rest_route=\/wp\/v2\/posts"}],"about":[{"href":"https:\/\/diarioregionaldigital.com.br\/index.php?rest_route=\/wp\/v2\/types\/post"}],"author":[{"embeddable":true,"href":"https:\/\/diarioregionaldigital.com.br\/index.php?rest_route=\/wp\/v2\/users\/246"}],"replies":[{"embeddable":true,"href":"https:\/\/diarioregionaldigital.com.br\/index.php?rest_route=%2Fwp%2Fv2%2Fcomments&post=199577"}],"version-history":[{"count":1,"href":"https:\/\/diarioregionaldigital.com.br\/index.php?rest_route=\/wp\/v2\/posts\/199577\/revisions"}],"predecessor-version":[{"id":199579,"href":"https:\/\/diarioregionaldigital.com.br\/index.php?rest_route=\/wp\/v2\/posts\/199577\/revisions\/199579"}],"wp:featuredmedia":[{"embeddable":true,"href":"https:\/\/diarioregionaldigital.com.br\/index.php?rest_route=\/wp\/v2\/media\/199578"}],"wp:attachment":[{"href":"https:\/\/diarioregionaldigital.com.br\/index.php?rest_route=%2Fwp%2Fv2%2Fmedia&parent=199577"}],"wp:term":[{"taxonomy":"category","embeddable":true,"href":"https:\/\/diarioregionaldigital.com.br\/index.php?rest_route=%2Fwp%2Fv2%2Fcategories&post=199577"},{"taxonomy":"post_tag","embeddable":true,"href":"https:\/\/diarioregionaldigital.com.br\/index.php?rest_route=%2Fwp%2Fv2%2Ftags&post=199577"}],"curies":[{"name":"wp","href":"https:\/\/api.w.org\/{rel}","templated":true}]}}