{"id":199574,"date":"2022-05-27T13:14:58","date_gmt":"2022-05-27T16:14:58","guid":{"rendered":"https:\/\/diarioregionaldigital.com.br\/?p=199574"},"modified":"2022-05-27T13:14:58","modified_gmt":"2022-05-27T16:14:58","slug":"fim-de-semana-tera-mais-de-20-atracoes-gratuitas-no-corredor-multicultural","status":"publish","type":"post","link":"https:\/\/diarioregionaldigital.com.br\/?p=199574","title":{"rendered":"Fim de semana ter\u00e1 mais de 20 atra\u00e7\u00f5es gratuitas no Corredor Multicultural"},"content":{"rendered":"<p>Segundo informa\u00e7\u00f5es do site da Prefeitura de Juiz de Fora (PJF), m\u00fasica, palha\u00e7aria, oficinas, batalha de performances, interven\u00e7\u00e3o urbana e espet\u00e1culo circense est\u00e3o na programa\u00e7\u00e3o do fim de semana do Corredor Multicultural, promovido pela Prefeitura de Juiz de Fora (PJF), por meio da Funda\u00e7\u00e3o Cultural Alfredo Ferreira Lage (Funalfa), para celebrar os 172 anos da cidade. Somente neste fim de semana, ser\u00e3o 20 atra\u00e7\u00f5es inteiramente gratuitas ao ar livre &#8211; pra\u00e7as, feira e parques &#8211; ou em equipamentos culturais mantidos pelo munic\u00edpio.<br \/>\nEntre as cantoras e os cantores que participam da festa est\u00e3o MC Xuxu, Sandra Portela, Carlos Fernando Cunha, Helgi, a drag queen Saraah e a finalista do programa The Voice+, Dionysia Moreira.<br \/>\nTodas as atividades t\u00eam entrada franca. A programa\u00e7\u00e3o completa do Corredor Multicultural pode ser acompanhada pelas redes sociais da Funalfa &#8211; @funalfacultura.<br \/>\n<strong>Confira a programa\u00e7\u00e3o completa do fim de semana:<\/strong><\/p>\n<p>&nbsp;<\/p>\n<p><strong>:: S\u00c1BADO | 28 ::<\/strong><\/p>\n<p>&nbsp;<\/p>\n<p><strong>Espa\u00e7o Cidade\u00a0<\/strong>(Pa\u00e7o Municipal &#8211; Av. Rio Branco 2.234 \u2013 Parque Halfeld &#8211; Centro)<\/p>\n<p>&#8211; 9h \u00e0s 12h | Plant\u00e3o para cadastro de artistas e agentes culturais do munic\u00edpio no CAD Cultural (Cadastro\u00a0Municipal de Agentes Culturais de Juiz de Fora)<\/p>\n<p>&nbsp;<\/p>\n<p><strong>Parque Municipal<\/strong><\/p>\n<p>&#8211; 10h &#8211; Show \u201cM\u00e1gicas e Tonteiras\u201d, com Palha\u00e7o Rosquinha<\/p>\n<p>&nbsp;<\/p>\n<p><strong>Escadaria do Cine-Theatro Central<\/strong><\/p>\n<p>12h &#8211; Show \u201cSer-Estar: M\u00fasica e Prosa\u201d &#8211; serenata instrumental<\/p>\n<p><strong>Pra\u00e7a \u00c1ureo Gomes Carneiro \u2013 Grama<\/strong><\/p>\n<p>14h &#8211; Show \u201cBatuque na Roda, Samba no Largo\u201d<\/p>\n<p>&nbsp;<\/p>\n<p><strong>Pra\u00e7a Ant\u00f4nio Carlos (PAC) &#8211; Centro<\/strong><\/p>\n<p>14h &#8211; Show Carnaval Ritmo Quente &#8211; Mestre Caio, int\u00e9rprete, passistas, mestre-sala, porta-bandeira e ritmistas<\/p>\n<p>16h \u2013 Ressaca de Carnaval, show musical com Charmosas do Tamborim<\/p>\n<p>18h \u2013 Show musical Ouro de Minas, com Carlos Fernando Cunha<\/p>\n<p>20h \u2013 Show com Sandra Portela<\/p>\n<p>&nbsp;<\/p>\n<p><strong>:: DOMINGO | 29 ::<\/strong><\/p>\n<p>&nbsp;<\/p>\n<p><strong>Museu Ferrovi\u00e1rio de Juiz de Fora<\/strong><\/p>\n<p>10h \u2013 Vogue Femme &#8211;\u00a0oficina imersiva, com\u00a0Sol Mour\u00e3o<\/p>\n<p>16h \u2013 Represent Ball \u2013 festa cultural com batalhas de performance e est\u00e9tica<\/p>\n<p>&nbsp;<\/p>\n<p><strong>Teatro Paschoal Carlos Magno<\/strong><\/p>\n<p>19h \u2013 Show com Dionysia Moreira<\/p>\n<p>&nbsp;<\/p>\n<p><strong>Centro Cultural Dnar Rocha<\/strong><\/p>\n<p>16h \u2013 Oficina desenhos e pinturas em tecido com refer\u00eancia na cultura negra<\/p>\n<p>&nbsp;<\/p>\n<p><strong>Pra\u00e7a \u00c1ureo Gomes Carneiro \u2013 Grama<\/strong><\/p>\n<p>14h \u2013 Show \u201cM\u00fasica Coletiva \u00e9 Revolu\u00e7\u00e3o\u201d, com Helgi<\/p>\n<p>&nbsp;<\/p>\n<p><strong>Pra\u00e7a Padre Geraldo\u00a0<\/strong><strong>Pelzers \u2013 Santa Luzia<\/strong><\/p>\n<p>18h \u2013 Show \u201cMC Xuxu ao Vivo\u201d, com participa\u00e7\u00e3o de dan\u00e7arinos<\/p>\n<p>&nbsp;<\/p>\n<p><strong>Pra\u00e7a Ant\u00f4nio Carlos (PAC) \u2013 Centro<\/strong><\/p>\n<p>18h \u2013 Show \u201cMergulho\u201d,\u00a0lan\u00e7amento do EP musical da drag queen Saraah<\/p>\n<p>20h \u2013 Show com a Banda do Ben &#8211;\u00a0tributo a Jorge Ben<\/p>\n<p>&nbsp;<\/p>\n<p><strong>Feira da Avenida Brasil<\/strong><\/p>\n<p>* 10h30 \u2013 Oficina Afrolata\u00a0&#8211; Musicaliza\u00e7\u00e3o com Lixo<\/p>\n<p>* 12h \u2013 Show \u201cSamba Aqui, Rima L\u00e1\u201d, com\u00a0J\u00d4Brandaum<\/p>\n<p>&nbsp;<\/p>\n<p><strong>Parque da Lajinha \u2013 Teixeiras<\/strong><\/p>\n<p>* 14h \u2013 Espet\u00e1culo circense \u201cO Grande Cirquinho\u201d<\/p>\n<p>&nbsp;<\/p>\n<p><strong>Parque Halfeld<\/strong><\/p>\n<p>* 14h \u2013 Oficina de interven\u00e7\u00e3o urbana \u201cConversas sobre o Tempo e a Cidade\u201d<\/p>\n<p>&nbsp;<\/p>\n<p><strong>:: Mostras | visita\u00e7\u00e3o at\u00e9 31 de maio ::<\/strong><\/p>\n<p><strong>Espa\u00e7o Cidade<\/strong><\/p>\n<p>* Das 10h \u00e0s 15h &#8211; \u201cEntrega Efetuada\u201d \u2013 Instala\u00e7\u00e3o de Rodrigo Dias, com caixas usadas no transporte de alimentos. Cr\u00edtica sociorracial sobre a precariza\u00e7\u00e3o profissional dos servi\u00e7os de entrega de comidas por aplicativos<\/p>\n<p>&nbsp;<\/p>\n<p><strong>Teatro Paschoal Carlos Magno<\/strong><\/p>\n<p>* Das 9h \u00e0s 21h &#8211; Mostra \u201c\u00d2r\u00ecs\u00e0 (Orix\u00e1s)\u201d \u2013 Ilustra\u00e7\u00f5es digitais de orix\u00e1s impressas em tecido. Artistas: Gabriel Bittencourt e Jonathan Pires<\/p>\n<p>&nbsp;<\/p>\n<p>* Das 9h \u00e0s 21h &#8211; Mostra \u201cOnd\u00e9Quit\u00e1? Ond\u00e9Qui\u00e9?\u201d &#8211; Fotografias de detalhes da paisagem urbana, desafiando o espectador a identificar os locais. Fot\u00f3grafa: Leda B\u00e1rbara Soares<\/p>\n","protected":false},"excerpt":{"rendered":"<p>Segundo informa\u00e7\u00f5es do site da Prefeitura de Juiz de Fora (PJF), m\u00fasica, palha\u00e7aria, oficinas, batalha de performances, interven\u00e7\u00e3o urbana e espet\u00e1culo circense est\u00e3o na programa\u00e7\u00e3o do fim de semana do Corredor Multicultural, promovido pela Prefeitura de Juiz de Fora (PJF), por meio da Funda\u00e7\u00e3o Cultural Alfredo Ferreira Lage (Funalfa), para celebrar os 172 anos da [&hellip;]<\/p>\n","protected":false},"author":246,"featured_media":199575,"comment_status":"closed","ping_status":"closed","sticky":false,"template":"","format":"standard","meta":{"footnotes":""},"categories":[253,436,440,439],"tags":[],"class_list":["post-199574","post","type-post","status-publish","format-standard","has-post-thumbnail","hentry","category-cidade","category-destaque-da-semana","category-destaques-do-dia","category-ultima-hora"],"_links":{"self":[{"href":"https:\/\/diarioregionaldigital.com.br\/index.php?rest_route=\/wp\/v2\/posts\/199574","targetHints":{"allow":["GET"]}}],"collection":[{"href":"https:\/\/diarioregionaldigital.com.br\/index.php?rest_route=\/wp\/v2\/posts"}],"about":[{"href":"https:\/\/diarioregionaldigital.com.br\/index.php?rest_route=\/wp\/v2\/types\/post"}],"author":[{"embeddable":true,"href":"https:\/\/diarioregionaldigital.com.br\/index.php?rest_route=\/wp\/v2\/users\/246"}],"replies":[{"embeddable":true,"href":"https:\/\/diarioregionaldigital.com.br\/index.php?rest_route=%2Fwp%2Fv2%2Fcomments&post=199574"}],"version-history":[{"count":1,"href":"https:\/\/diarioregionaldigital.com.br\/index.php?rest_route=\/wp\/v2\/posts\/199574\/revisions"}],"predecessor-version":[{"id":199576,"href":"https:\/\/diarioregionaldigital.com.br\/index.php?rest_route=\/wp\/v2\/posts\/199574\/revisions\/199576"}],"wp:featuredmedia":[{"embeddable":true,"href":"https:\/\/diarioregionaldigital.com.br\/index.php?rest_route=\/wp\/v2\/media\/199575"}],"wp:attachment":[{"href":"https:\/\/diarioregionaldigital.com.br\/index.php?rest_route=%2Fwp%2Fv2%2Fmedia&parent=199574"}],"wp:term":[{"taxonomy":"category","embeddable":true,"href":"https:\/\/diarioregionaldigital.com.br\/index.php?rest_route=%2Fwp%2Fv2%2Fcategories&post=199574"},{"taxonomy":"post_tag","embeddable":true,"href":"https:\/\/diarioregionaldigital.com.br\/index.php?rest_route=%2Fwp%2Fv2%2Ftags&post=199574"}],"curies":[{"name":"wp","href":"https:\/\/api.w.org\/{rel}","templated":true}]}}