{"id":199552,"date":"2022-05-27T12:44:45","date_gmt":"2022-05-27T15:44:45","guid":{"rendered":"https:\/\/diarioregionaldigital.com.br\/?p=199552"},"modified":"2022-05-27T12:44:45","modified_gmt":"2022-05-27T15:44:45","slug":"projeto-no-senado-esvazia-justica-eleitoral-diz-presidente-do-tse","status":"publish","type":"post","link":"https:\/\/diarioregionaldigital.com.br\/?p=199552","title":{"rendered":"Projeto no Senado esvazia Justi\u00e7a Eleitoral, diz presidente do TSE"},"content":{"rendered":"<p>O presidente do Tribunal Superior Eleitoral (TSE), ministro Edson Fachin, alertou hoje (26) que h\u00e1 risco de \u201cesvaziamento\u201d da Justi\u00e7a Eleitoral na ampla\u00a0<a href=\"https:\/\/www.camara.leg.br\/proposicoesWeb\/prop_mostrarintegra?codteor=2050061\" target=\"_blank\" rel=\"noopener\">reforma das legisla\u00e7\u00f5es partid\u00e1ria e eleitoral<\/a>\u00a0que tramita no Senado.\u00a0<img decoding=\"async\" src=\"https:\/\/agenciabrasil.ebc.com.br\/ebc.png?id=1462035&amp;o=node\" \/><img decoding=\"async\" src=\"https:\/\/agenciabrasil.ebc.com.br\/ebc.gif?id=1462035&amp;o=node\" \/><\/p>\n<p>A observa\u00e7\u00e3o consta em\u00a0<a href=\"https:\/\/www.tse.jus.br\/imprensa\/manifestacao-ao-senado\/manifestacao-do-tse-ao-senado\/rybena_pdf?file=https:\/\/www.tse.jus.br\/imprensa\/manifestacao-ao-senado\/manifestacao-do-tse-ao-senado\/at_download\/file\" target=\"_blank\" rel=\"noopener\">of\u00edcio<\/a>\u00a0enviado hoje ao presidente do Senado, Rodrigo Pacheco (PSD-MG). No documento de 10 p\u00e1ginas, o ministro aponta quatro pontos que considera mais problem\u00e1ticos no texto atual do projeto de lei.<\/p>\n<p>\u201cSustenta-se, com o devido respeito, que a reda\u00e7\u00e3o atual da proposta legislativa encerra comprometimento insofism\u00e1vel das compet\u00eancias da Justi\u00e7a Eleitoral, que desafiam exame verticalizado sobre a possibilidade de fragiliza\u00e7\u00e3o da seguran\u00e7a jur\u00eddica e de eventual esvaziamento material das atribui\u00e7\u00f5es dessa Justi\u00e7a Especializada\u201d, escreveu Fachin.<\/p>\n<p>Entre os pontos problem\u00e1ticos destacados por Fachin est\u00e3o o artigo que prev\u00ea a possibilidade de revoga\u00e7\u00e3o de resolu\u00e7\u00f5es do TSE pelo Congresso; o dispositivo que altera os processos de presta\u00e7\u00e3o de contas, retirando do TSE e transferindo para empresas privadas de consultoria a an\u00e1lise de documentos.<\/p>\n<p>Outra problema indicado pelo ministro \u00e9 que a proposta em tramita\u00e7\u00e3o n\u00e3o prev\u00ea um intervalo entre a publica\u00e7\u00e3o no Di\u00e1rio Oficial da Uni\u00e3o e a entrada em vigor do novo C\u00f3digo Eleitoral, o chamado vacatio legis. Sem esse tempo, n\u00e3o \u00e9 poss\u00edvel garantir a seguran\u00e7a jur\u00eddica das Elei\u00e7\u00f5es 2022, afirmou o presidente do TSE.<\/p>\n<p>Para aplicar o novo C\u00f3digo Eleitoral, com seus 898 artigos, ser\u00e1 preciso um amplo estudo dos impactos sobre todas as outras normas eleitorais, argumentou Fachin. N\u00e3o h\u00e1 tempo h\u00e1bil para concluir a tarefa antes das elei\u00e7\u00f5es de outubro, acrescentou o ministro.<\/p>\n<p>O presidente do TSE destacou tamb\u00e9m que o calend\u00e1rio eleitoral est\u00e1 em curso, e que a Constitui\u00e7\u00e3o traz instrumentos para impedir mudan\u00e7as de regra com o jogo eleitoral j\u00e1 em andamento. Fachin pediu que as eventuais modifica\u00e7\u00f5es legislativas s\u00f3 entrem em vigor, no m\u00ednimo, a partir de 2023.<\/p>\n<p>\u201cA\u00a0 Justi\u00e7a\u00a0 Eleitoral afirma, incansavelmente, que o conhecimento pr\u00e9vio das regras do jogo eleitoral, e a manuten\u00e7\u00e3o desse regramento durante todo o processo eleitoral, \u00e9 uma garantia a todos os atores pol\u00edticos e a toda a sociedade brasileira\u201d, disse o ministro.<\/p>\n<p>Com mais de 400 p\u00e1ginas, o projeto de lei em tramita\u00e7\u00e3o no Senado j\u00e1\u00a0<a href=\"https:\/\/agenciabrasil.ebc.com.br\/politica\/noticia\/2021-09\/camara-recoloca-quarentena-no-novo-codigo-eleitoral\" target=\"_blank\" rel=\"noopener\">foi aprovado pela C\u00e2mara<\/a>\u00a0e prop\u00f5e uma ampla reforma nas leis partid\u00e1rias e eleitorais. Al\u00e9m do C\u00f3digo Eleitoral, a proposta mexe em outras leis, como a que trata de inelegibilidade.<\/p>\n<p><span style=\"font-weight: 400;\"><br \/>\n<\/span><span style=\"font-weight: 400;\">Fonte: Ag\u00eancia Brasil <\/span><\/p>\n","protected":false},"excerpt":{"rendered":"<p>O presidente do Tribunal Superior Eleitoral (TSE), ministro Edson Fachin, alertou hoje (26) que h\u00e1 risco de \u201cesvaziamento\u201d da Justi\u00e7a Eleitoral na ampla\u00a0reforma das legisla\u00e7\u00f5es partid\u00e1ria e eleitoral\u00a0que tramita no Senado.\u00a0 A observa\u00e7\u00e3o consta em\u00a0of\u00edcio\u00a0enviado hoje ao presidente do Senado, Rodrigo Pacheco (PSD-MG). No documento de 10 p\u00e1ginas, o ministro aponta quatro pontos que considera [&hellip;]<\/p>\n","protected":false},"author":246,"featured_media":199553,"comment_status":"closed","ping_status":"closed","sticky":false,"template":"","format":"standard","meta":{"footnotes":""},"categories":[436,254,439],"tags":[],"class_list":["post-199552","post","type-post","status-publish","format-standard","has-post-thumbnail","hentry","category-destaque-da-semana","category-politica","category-ultima-hora"],"_links":{"self":[{"href":"https:\/\/diarioregionaldigital.com.br\/index.php?rest_route=\/wp\/v2\/posts\/199552","targetHints":{"allow":["GET"]}}],"collection":[{"href":"https:\/\/diarioregionaldigital.com.br\/index.php?rest_route=\/wp\/v2\/posts"}],"about":[{"href":"https:\/\/diarioregionaldigital.com.br\/index.php?rest_route=\/wp\/v2\/types\/post"}],"author":[{"embeddable":true,"href":"https:\/\/diarioregionaldigital.com.br\/index.php?rest_route=\/wp\/v2\/users\/246"}],"replies":[{"embeddable":true,"href":"https:\/\/diarioregionaldigital.com.br\/index.php?rest_route=%2Fwp%2Fv2%2Fcomments&post=199552"}],"version-history":[{"count":1,"href":"https:\/\/diarioregionaldigital.com.br\/index.php?rest_route=\/wp\/v2\/posts\/199552\/revisions"}],"predecessor-version":[{"id":199554,"href":"https:\/\/diarioregionaldigital.com.br\/index.php?rest_route=\/wp\/v2\/posts\/199552\/revisions\/199554"}],"wp:featuredmedia":[{"embeddable":true,"href":"https:\/\/diarioregionaldigital.com.br\/index.php?rest_route=\/wp\/v2\/media\/199553"}],"wp:attachment":[{"href":"https:\/\/diarioregionaldigital.com.br\/index.php?rest_route=%2Fwp%2Fv2%2Fmedia&parent=199552"}],"wp:term":[{"taxonomy":"category","embeddable":true,"href":"https:\/\/diarioregionaldigital.com.br\/index.php?rest_route=%2Fwp%2Fv2%2Fcategories&post=199552"},{"taxonomy":"post_tag","embeddable":true,"href":"https:\/\/diarioregionaldigital.com.br\/index.php?rest_route=%2Fwp%2Fv2%2Ftags&post=199552"}],"curies":[{"name":"wp","href":"https:\/\/api.w.org\/{rel}","templated":true}]}}