{"id":199549,"date":"2022-05-27T12:42:22","date_gmt":"2022-05-27T15:42:22","guid":{"rendered":"https:\/\/diarioregionaldigital.com.br\/?p=199549"},"modified":"2022-05-27T12:42:22","modified_gmt":"2022-05-27T15:42:22","slug":"senado-aprova-mp-que-estabelece-salario-minimo-de-r-1-212","status":"publish","type":"post","link":"https:\/\/diarioregionaldigital.com.br\/?p=199549","title":{"rendered":"Senado aprova MP que estabelece sal\u00e1rio m\u00ednimo de R$ 1.212"},"content":{"rendered":"<p>O plen\u00e1rio de Senado aprovou, nesta quinta-feira (26), a medida provis\u00f3ria (MP) que fixou o valor do sal\u00e1rio m\u00ednimo em R$ 1.212 desde 1\u00ba de janeiro de 2022. Com a aprova\u00e7\u00e3o, a MP segue para promulga\u00e7\u00e3o.<img decoding=\"async\" src=\"https:\/\/agenciabrasil.ebc.com.br\/ebc.png?id=1462053&amp;o=node\" \/><img decoding=\"async\" src=\"https:\/\/agenciabrasil.ebc.com.br\/ebc.gif?id=1462053&amp;o=node\" \/><\/p>\n<p>Durante a vota\u00e7\u00e3o, os senadores discutiram sobre o crescimento da fome e da mis\u00e9ria no Brasil. O presidente do Senado, Rodrigo Pacheco, elogiou a relatora, Soraya Thronicke (Uni\u00e3o-MS), por manifestar que o valor pequeno do m\u00ednimo \u00e9 um problema grave da sociedade brasileira, mas \u00e9 menos debatido do que &#8220;querelas ideol\u00f3gicas em redes sociais&#8221;.<\/p>\n<p>Citando dados do Instituto Brasileiro de Geografia e Estat\u00edstica (IBGE), \u00a0a relatora destacou que mais de 60 milh\u00f5es de brasileiros recebem at\u00e9 dois sal\u00e1rios m\u00ednimos, cerca de 70% da popula\u00e7\u00e3o ocupada. J\u00e1 dados do Instituto Nacional do Seguro Social (INSS) indicam que 25 milh\u00f5es de pessoas recebem aposentadorias no valor de um sal\u00e1rio m\u00ednimo, &#8220;ou seja, dois ter\u00e7os dos benefici\u00e1rios da Previd\u00eancia&#8221;. Para a senadora, o Brasil precisa recriar uma pol\u00edtica de valoriza\u00e7\u00e3o do sal\u00e1rio m\u00ednimo.<\/p>\n<p><span style=\"font-weight: 400;\">Fonte: Ag\u00eancia Brasil <\/span><\/p>\n","protected":false},"excerpt":{"rendered":"<p>O plen\u00e1rio de Senado aprovou, nesta quinta-feira (26), a medida provis\u00f3ria (MP) que fixou o valor do sal\u00e1rio m\u00ednimo em R$ 1.212 desde 1\u00ba de janeiro de 2022. Com a aprova\u00e7\u00e3o, a MP segue para promulga\u00e7\u00e3o. Durante a vota\u00e7\u00e3o, os senadores discutiram sobre o crescimento da fome e da mis\u00e9ria no Brasil. O presidente do [&hellip;]<\/p>\n","protected":false},"author":246,"featured_media":199550,"comment_status":"closed","ping_status":"closed","sticky":false,"template":"","format":"standard","meta":{"footnotes":""},"categories":[436,440,254,439],"tags":[],"class_list":["post-199549","post","type-post","status-publish","format-standard","has-post-thumbnail","hentry","category-destaque-da-semana","category-destaques-do-dia","category-politica","category-ultima-hora"],"_links":{"self":[{"href":"https:\/\/diarioregionaldigital.com.br\/index.php?rest_route=\/wp\/v2\/posts\/199549","targetHints":{"allow":["GET"]}}],"collection":[{"href":"https:\/\/diarioregionaldigital.com.br\/index.php?rest_route=\/wp\/v2\/posts"}],"about":[{"href":"https:\/\/diarioregionaldigital.com.br\/index.php?rest_route=\/wp\/v2\/types\/post"}],"author":[{"embeddable":true,"href":"https:\/\/diarioregionaldigital.com.br\/index.php?rest_route=\/wp\/v2\/users\/246"}],"replies":[{"embeddable":true,"href":"https:\/\/diarioregionaldigital.com.br\/index.php?rest_route=%2Fwp%2Fv2%2Fcomments&post=199549"}],"version-history":[{"count":1,"href":"https:\/\/diarioregionaldigital.com.br\/index.php?rest_route=\/wp\/v2\/posts\/199549\/revisions"}],"predecessor-version":[{"id":199551,"href":"https:\/\/diarioregionaldigital.com.br\/index.php?rest_route=\/wp\/v2\/posts\/199549\/revisions\/199551"}],"wp:featuredmedia":[{"embeddable":true,"href":"https:\/\/diarioregionaldigital.com.br\/index.php?rest_route=\/wp\/v2\/media\/199550"}],"wp:attachment":[{"href":"https:\/\/diarioregionaldigital.com.br\/index.php?rest_route=%2Fwp%2Fv2%2Fmedia&parent=199549"}],"wp:term":[{"taxonomy":"category","embeddable":true,"href":"https:\/\/diarioregionaldigital.com.br\/index.php?rest_route=%2Fwp%2Fv2%2Fcategories&post=199549"},{"taxonomy":"post_tag","embeddable":true,"href":"https:\/\/diarioregionaldigital.com.br\/index.php?rest_route=%2Fwp%2Fv2%2Ftags&post=199549"}],"curies":[{"name":"wp","href":"https:\/\/api.w.org\/{rel}","templated":true}]}}