{"id":199546,"date":"2022-05-27T12:39:00","date_gmt":"2022-05-27T15:39:00","guid":{"rendered":"https:\/\/diarioregionaldigital.com.br\/?p=199546"},"modified":"2022-05-27T12:39:00","modified_gmt":"2022-05-27T15:39:00","slug":"caixa-paga-auxilio-brasil-a-beneficiarios-com-nis-final-8","status":"publish","type":"post","link":"https:\/\/diarioregionaldigital.com.br\/?p=199546","title":{"rendered":"Caixa paga Aux\u00edlio Brasil a benefici\u00e1rios com NIS final 8"},"content":{"rendered":"<p>A Caixa Econ\u00f4mica Federal paga nesta sexta-feira (27) a parcela<span id=\"OBJ_PREFIX_DWT341_com_zimbra_date\" role=\"link\">\u00a0de maio<\/span>\u00a0do Aux\u00edlio Brasil aos benefici\u00e1rios com N\u00famero de Inscri\u00e7\u00e3o Social (NIS) de final 8. O valor m\u00ednimo do benef\u00edcio \u00e9 R$ 400. As datas seguem o modelo do Bolsa Fam\u00edlia, que pagava nos dez \u00faltimos dias \u00fateis do m\u00eas.<img decoding=\"async\" src=\"https:\/\/agenciabrasil.ebc.com.br\/ebc.png?id=1462143&amp;o=node\" \/><img decoding=\"async\" src=\"https:\/\/agenciabrasil.ebc.com.br\/ebc.gif?id=1462143&amp;o=node\" \/><\/p>\n<p>O benefici\u00e1rio poder\u00e1 consultar informa\u00e7\u00f5es sobre datas de pagamento, valor do benef\u00edcio e composi\u00e7\u00e3o das parcelas em dois aplicativos: Aux\u00edlio Brasil, desenvolvido para o programa social, e Caixa Tem, usado para acompanhar as contas poupan\u00e7a digitais do banco.<\/p>\n<p>Atualmente, 17,5 milh\u00f5es de fam\u00edlias s\u00e3o atendidas pelo programa. No in\u00edcio do ano, 3 milh\u00f5es foram inclu\u00eddas.<\/p>\n<h2>Benef\u00edcios b\u00e1sicos<\/h2>\n<p>O Aux\u00edlio Brasil tem tr\u00eas benef\u00edcios b\u00e1sicos e seis suplementares, que podem ser adicionados caso o benefici\u00e1rio consiga emprego ou tenha filho que se destaque em competi\u00e7\u00f5es esportivas, cient\u00edficas ou acad\u00eamicas.<\/p>\n<p>Podem receber o benef\u00edcio fam\u00edlias com renda\u00a0<em>per capita<\/em>\u00a0at\u00e9 R$ 100, consideradas em situa\u00e7\u00e3o de extrema pobreza, e at\u00e9 R$ 200, em condi\u00e7\u00e3o de pobreza.<\/p>\n<p><span style=\"font-weight: 400;\"><br \/>\n<\/span><span style=\"font-weight: 400;\">Fonte: Ag\u00eancia Brasil <\/span><\/p>\n","protected":false},"excerpt":{"rendered":"<p>A Caixa Econ\u00f4mica Federal paga nesta sexta-feira (27) a parcela\u00a0de maio\u00a0do Aux\u00edlio Brasil aos benefici\u00e1rios com N\u00famero de Inscri\u00e7\u00e3o Social (NIS) de final 8. O valor m\u00ednimo do benef\u00edcio \u00e9 R$ 400. As datas seguem o modelo do Bolsa Fam\u00edlia, que pagava nos dez \u00faltimos dias \u00fateis do m\u00eas. O benefici\u00e1rio poder\u00e1 consultar informa\u00e7\u00f5es sobre [&hellip;]<\/p>\n","protected":false},"author":246,"featured_media":199547,"comment_status":"closed","ping_status":"closed","sticky":false,"template":"","format":"standard","meta":{"footnotes":""},"categories":[436,261,439],"tags":[],"class_list":["post-199546","post","type-post","status-publish","format-standard","has-post-thumbnail","hentry","category-destaque-da-semana","category-economia","category-ultima-hora"],"_links":{"self":[{"href":"https:\/\/diarioregionaldigital.com.br\/index.php?rest_route=\/wp\/v2\/posts\/199546","targetHints":{"allow":["GET"]}}],"collection":[{"href":"https:\/\/diarioregionaldigital.com.br\/index.php?rest_route=\/wp\/v2\/posts"}],"about":[{"href":"https:\/\/diarioregionaldigital.com.br\/index.php?rest_route=\/wp\/v2\/types\/post"}],"author":[{"embeddable":true,"href":"https:\/\/diarioregionaldigital.com.br\/index.php?rest_route=\/wp\/v2\/users\/246"}],"replies":[{"embeddable":true,"href":"https:\/\/diarioregionaldigital.com.br\/index.php?rest_route=%2Fwp%2Fv2%2Fcomments&post=199546"}],"version-history":[{"count":1,"href":"https:\/\/diarioregionaldigital.com.br\/index.php?rest_route=\/wp\/v2\/posts\/199546\/revisions"}],"predecessor-version":[{"id":199548,"href":"https:\/\/diarioregionaldigital.com.br\/index.php?rest_route=\/wp\/v2\/posts\/199546\/revisions\/199548"}],"wp:featuredmedia":[{"embeddable":true,"href":"https:\/\/diarioregionaldigital.com.br\/index.php?rest_route=\/wp\/v2\/media\/199547"}],"wp:attachment":[{"href":"https:\/\/diarioregionaldigital.com.br\/index.php?rest_route=%2Fwp%2Fv2%2Fmedia&parent=199546"}],"wp:term":[{"taxonomy":"category","embeddable":true,"href":"https:\/\/diarioregionaldigital.com.br\/index.php?rest_route=%2Fwp%2Fv2%2Fcategories&post=199546"},{"taxonomy":"post_tag","embeddable":true,"href":"https:\/\/diarioregionaldigital.com.br\/index.php?rest_route=%2Fwp%2Fv2%2Ftags&post=199546"}],"curies":[{"name":"wp","href":"https:\/\/api.w.org\/{rel}","templated":true}]}}