{"id":199543,"date":"2022-05-27T12:36:11","date_gmt":"2022-05-27T15:36:11","guid":{"rendered":"https:\/\/diarioregionaldigital.com.br\/?p=199543"},"modified":"2022-05-27T12:36:11","modified_gmt":"2022-05-27T15:36:11","slug":"ministro-guedes-reforca-confianca-na-economia-e-na-democracia-do-pais","status":"publish","type":"post","link":"https:\/\/diarioregionaldigital.com.br\/?p=199543","title":{"rendered":"Ministro Guedes refor\u00e7a confian\u00e7a na economia e na democracia do pa\u00eds"},"content":{"rendered":"<p>O ministro da Economia, Paulo Guedes, participou hoje (26) pela manh\u00e3 de um painel de debates sobre a conjuntura econ\u00f4mica global no F\u00f3rum Econ\u00f4mico Mundial (WEF, na sigla em ingl\u00eas), em Davos, na Su\u00ed\u00e7a.<img decoding=\"async\" src=\"https:\/\/agenciabrasil.ebc.com.br\/ebc.png?id=1462125&amp;o=node\" \/><img decoding=\"async\" src=\"https:\/\/agenciabrasil.ebc.com.br\/ebc.gif?id=1462125&amp;o=node\" \/><\/p>\n<p>Segundo o ministro, autoridades internacionais duvidaram, inicialmente, da capacidade econ\u00f4mica interna para lidar com a pandemia. Guedes lembrou que a estimativa de retra\u00e7\u00e3o econ\u00f4mica para o pa\u00eds chegou a 9,7% &#8211; mais alta do que a dos pa\u00edses europeus. Entretanto, o pa\u00eds teve retra\u00e7\u00e3o de 3,6% no produto interno bruto (PIB) e cresceu 4,6% no ano seguinte, contrariando previs\u00f5es pessimistas.<\/p>\n<p>\u201cNos sa\u00edmos melhor do que todos os outros pa\u00edses na quest\u00e3o fiscal. O \u00fanico pa\u00eds que teve um resultado fiscal interno melhor do que n\u00f3s foi Singapura\u201d, afirmou.<\/p>\n<p>\u201cA ideia principal \u00e9: fizemos muitas reformas. Ao inv\u00e9s de crescermos 7, 8 ou 9% com um d\u00e9ficit grande, removemos todos os incentivos fiscais durante a recupera\u00e7\u00e3o\u201d, afirmou Guedes, que tamb\u00e9m explicou que o pa\u00eds conseguiu reverter a desconfian\u00e7a apresentada na primeira participa\u00e7\u00e3o do governo de Jair Bolsonaro no f\u00f3rum.<\/p>\n<p>Guedes explicou as estrat\u00e9gias aplicadas pelo governo durante a pandemia, como os programas de preserva\u00e7\u00e3o de empregos e o aux\u00edlio emergencial, al\u00e9m de ter destacado a import\u00e2ncia do Aux\u00edlio Brasil no per\u00edodo ap\u00f3s o fim das restri\u00e7\u00f5es sanit\u00e1rias.<\/p>\n<p>O ministro da Economia do Brasil tamb\u00e9m refor\u00e7ou que, apesar de classificada como \u201cbarulhenta\u201d, a democracia brasileira \u00e9 est\u00e1vel e confi\u00e1vel, e que n\u00e3o h\u00e1 raz\u00f5es para questionar os resultados positivos apresentados pela atual gest\u00e3o.<\/p>\n<p>Ap\u00f3s o painel, o ministro relatou uma mudan\u00e7a \u201cno clima\u201d entre os colegas ministros de economia e finan\u00e7as de outros pa\u00edses, a qual classificou como positiva, e disse ainda que o foco internacional no Brasil diz respeito \u00e0 parcerias para iniciativas sustent\u00e1veis, como a gera\u00e7\u00e3o de energia renov\u00e1vel.<\/p>\n<p><span style=\"font-weight: 400;\">Fonte: Ag\u00eancia Brasil <\/span><\/p>\n","protected":false},"excerpt":{"rendered":"<p>O ministro da Economia, Paulo Guedes, participou hoje (26) pela manh\u00e3 de um painel de debates sobre a conjuntura econ\u00f4mica global no F\u00f3rum Econ\u00f4mico Mundial (WEF, na sigla em ingl\u00eas), em Davos, na Su\u00ed\u00e7a. Segundo o ministro, autoridades internacionais duvidaram, inicialmente, da capacidade econ\u00f4mica interna para lidar com a pandemia. Guedes lembrou que a estimativa [&hellip;]<\/p>\n","protected":false},"author":246,"featured_media":199544,"comment_status":"closed","ping_status":"closed","sticky":false,"template":"","format":"standard","meta":{"footnotes":""},"categories":[436,261,439],"tags":[],"class_list":["post-199543","post","type-post","status-publish","format-standard","has-post-thumbnail","hentry","category-destaque-da-semana","category-economia","category-ultima-hora"],"_links":{"self":[{"href":"https:\/\/diarioregionaldigital.com.br\/index.php?rest_route=\/wp\/v2\/posts\/199543","targetHints":{"allow":["GET"]}}],"collection":[{"href":"https:\/\/diarioregionaldigital.com.br\/index.php?rest_route=\/wp\/v2\/posts"}],"about":[{"href":"https:\/\/diarioregionaldigital.com.br\/index.php?rest_route=\/wp\/v2\/types\/post"}],"author":[{"embeddable":true,"href":"https:\/\/diarioregionaldigital.com.br\/index.php?rest_route=\/wp\/v2\/users\/246"}],"replies":[{"embeddable":true,"href":"https:\/\/diarioregionaldigital.com.br\/index.php?rest_route=%2Fwp%2Fv2%2Fcomments&post=199543"}],"version-history":[{"count":1,"href":"https:\/\/diarioregionaldigital.com.br\/index.php?rest_route=\/wp\/v2\/posts\/199543\/revisions"}],"predecessor-version":[{"id":199545,"href":"https:\/\/diarioregionaldigital.com.br\/index.php?rest_route=\/wp\/v2\/posts\/199543\/revisions\/199545"}],"wp:featuredmedia":[{"embeddable":true,"href":"https:\/\/diarioregionaldigital.com.br\/index.php?rest_route=\/wp\/v2\/media\/199544"}],"wp:attachment":[{"href":"https:\/\/diarioregionaldigital.com.br\/index.php?rest_route=%2Fwp%2Fv2%2Fmedia&parent=199543"}],"wp:term":[{"taxonomy":"category","embeddable":true,"href":"https:\/\/diarioregionaldigital.com.br\/index.php?rest_route=%2Fwp%2Fv2%2Fcategories&post=199543"},{"taxonomy":"post_tag","embeddable":true,"href":"https:\/\/diarioregionaldigital.com.br\/index.php?rest_route=%2Fwp%2Fv2%2Ftags&post=199543"}],"curies":[{"name":"wp","href":"https:\/\/api.w.org\/{rel}","templated":true}]}}