{"id":199539,"date":"2022-05-27T12:34:01","date_gmt":"2022-05-27T15:34:01","guid":{"rendered":"https:\/\/diarioregionaldigital.com.br\/?p=199539"},"modified":"2022-05-27T12:34:01","modified_gmt":"2022-05-27T15:34:01","slug":"servidores-tem-nova-chance-de-migrar-para-previdencia-complementar","status":"publish","type":"post","link":"https:\/\/diarioregionaldigital.com.br\/?p=199539","title":{"rendered":"Servidores t\u00eam nova chance de migrar para previd\u00eancia complementar"},"content":{"rendered":"<p>O\u00a0prazo para migra\u00e7\u00e3o do Regime Pr\u00f3prio de Previd\u00eancia Social (RPPS) para o Regime de Previd\u00eancia Complementar (RPC) foi\u00a0reaberto\u00a0at\u00e9\u00a030 de novembro\u00a0deste ano.\u00a0A oportunidade vale para servidores p\u00fablicos federais que ingressaram na administra\u00e7\u00e3o p\u00fablica federal antes de\u00a04 de fevereiro\u00a0de 2013.\u00a0<img decoding=\"async\" src=\"https:\/\/agenciabrasil.ebc.com.br\/ebc.png?id=1462163&amp;o=node\" \/><img decoding=\"async\" src=\"https:\/\/agenciabrasil.ebc.com.br\/ebc.gif?id=1462163&amp;o=node\" \/><\/p>\n<p>Publicada no\u00a0<em>Di\u00e1rio Oficial da Uni\u00e3o\u00a0<\/em>desta\u00a0quinta-feira (26), a\u00a0<a href=\"https:\/\/in.gov.br\/en\/web\/dou\/-\/medida-provisoria-n-1.119-de-25-de-maio-de-2022-403313036\" target=\"_blank\" rel=\"noopener\">Medida Provis\u00f3ria 1.119\/22<\/a>\u00a0estabelece a op\u00e7\u00e3o para\u00a0servidores e membros do Poder Judici\u00e1rio, do Tribunal de Contas e do Minist\u00e9rio P\u00fablico da Uni\u00e3o.<\/p>\n<p>Segundo o Minist\u00e9rio da Economia, esta \u00e9 a primeira oportunidade de migra\u00e7\u00e3o concedida ap\u00f3s a promulga\u00e7\u00e3o da Emenda Constitucional n\u00ba 103\/2019, que instituiu al\u00edquotas de contribui\u00e7\u00e3o maiores para os servidores do Regime Pr\u00f3prio. \u201cA decis\u00e3o de migra\u00e7\u00e3o \u00e9 volunt\u00e1ria para cada servidor, mas a mudan\u00e7a, uma vez efetuada, tem car\u00e1ter\u00a0irrevog\u00e1vel e irretrat\u00e1vel. Cada servidor dever\u00e1 avaliar sua trajet\u00f3ria profissional, sua remunera\u00e7\u00e3o, quanto tempo falta at\u00e9 sua aposentadoria, expectativa de perman\u00eancia no servi\u00e7o p\u00fablico e idade para verificar se a migra\u00e7\u00e3o \u00e9 vantajosa ou n\u00e3o\u201d,\u00a0informou a pasta, em nota.<\/p>\n<p>Se decidir migrar e aderir \u00e0 Funda\u00e7\u00e3o de Previd\u00eancia Complementar do Servidor P\u00fablico Federal (Funpresp-Exe), o servidor\u00a0ter\u00e1 direito a uma poupan\u00e7a previdenci\u00e1ria formada a partir das contribui\u00e7\u00f5es mensais e da contrapartida em igual valor do \u00f3rg\u00e3o p\u00fablico federal para o qual trabalha, al\u00e9m do benef\u00edcio previdenci\u00e1rio calculado sobre o teto do Instituto Nacional do Seguro Social (INSS) e do Benef\u00edcio Especial.<\/p>\n<p>O valor da contribui\u00e7\u00e3o \u00e9 definido a partir da escolha de uma al\u00edquota de contribui\u00e7\u00e3o (7,5%, 8% ou 8,5%), que \u00e9 aplicada sobre a diferen\u00e7a entre a remunera\u00e7\u00e3o do servidor e o valor que supera o teto do INSS.<\/p>\n<p>A Lei n\u00ba 12.618\/2012 instituiu o regime de previd\u00eancia complementar para os servidores p\u00fablicos federais titulares de cargo efetivo, prevendo a possibilidade de migra\u00e7\u00e3o para o novo regime previdenci\u00e1rio. J\u00e1 foram abertas tr\u00eas janelas de migra\u00e7\u00e3o. Em 2013, no momento da cria\u00e7\u00e3o da Funpresp; em julho de 2016, por 24 meses,\u00a0e em setembro de 2018, por seis meses. Ao todo, mais de 18 mil servidores migraram de regime nas tr\u00eas oportunidades. Nesta nova janela de migra\u00e7\u00e3o, estima-se que 290 mil servidores federais atendam aos requisitos exigidos para a mudan\u00e7a de regime.<\/p>\n<h2>Como migrar<\/h2>\n<p>O Minist\u00e9rio da Economia explicou que a\u00a0migra\u00e7\u00e3o deve ser feita pelo Sistema de Gest\u00e3o de Pessoas (Sigepe) do governo federal.\u00a0Ao acessar\u00a0o\u00a0<a href=\"http:\/\/www.gov.br\/\" target=\"_blank\" rel=\"noopener\">Portal do Servidor\u00a0<\/a>,\u00a0o interessado deve clicar em Servidores e Pensionistas. Ap\u00f3s o\u00a0<em>login<\/em>\u00a0no sistema, selecionar\u00a0no menu a op\u00e7\u00e3o Previd\u00eancia. No mesmo\u00a0<em>link<\/em>\u00a0\u00e9 poss\u00edvel simular a migra\u00e7\u00e3o.<\/p>\n<p>Ainda no Portal do Servidor h\u00e1 um tira-d\u00favidas com perguntas e respostas\u00a0sobre a migra\u00e7\u00e3o ao Regime de Previd\u00eancia Complementar.\u00a0Quem quiser\u00a0esclarecer as informa\u00e7\u00f5es sobre a ades\u00e3o \u00e0 Funpresp, pode\u00a0tamb\u00e9m\u00a0agendar um atendimento virtual ou presencial pelo telefone 0800 282 6794.<\/p>\n<p><span style=\"font-weight: 400;\">Fonte: Ag\u00eancia Brasil <\/span><\/p>\n","protected":false},"excerpt":{"rendered":"<p>O\u00a0prazo para migra\u00e7\u00e3o do Regime Pr\u00f3prio de Previd\u00eancia Social (RPPS) para o Regime de Previd\u00eancia Complementar (RPC) foi\u00a0reaberto\u00a0at\u00e9\u00a030 de novembro\u00a0deste ano.\u00a0A oportunidade vale para servidores p\u00fablicos federais que ingressaram na administra\u00e7\u00e3o p\u00fablica federal antes de\u00a04 de fevereiro\u00a0de 2013.\u00a0 Publicada no\u00a0Di\u00e1rio Oficial da Uni\u00e3o\u00a0desta\u00a0quinta-feira (26), a\u00a0Medida Provis\u00f3ria 1.119\/22\u00a0estabelece a op\u00e7\u00e3o para\u00a0servidores e membros do Poder Judici\u00e1rio, [&hellip;]<\/p>\n","protected":false},"author":246,"featured_media":199540,"comment_status":"closed","ping_status":"closed","sticky":false,"template":"","format":"standard","meta":{"footnotes":""},"categories":[436,261,439],"tags":[],"class_list":["post-199539","post","type-post","status-publish","format-standard","has-post-thumbnail","hentry","category-destaque-da-semana","category-economia","category-ultima-hora"],"_links":{"self":[{"href":"https:\/\/diarioregionaldigital.com.br\/index.php?rest_route=\/wp\/v2\/posts\/199539","targetHints":{"allow":["GET"]}}],"collection":[{"href":"https:\/\/diarioregionaldigital.com.br\/index.php?rest_route=\/wp\/v2\/posts"}],"about":[{"href":"https:\/\/diarioregionaldigital.com.br\/index.php?rest_route=\/wp\/v2\/types\/post"}],"author":[{"embeddable":true,"href":"https:\/\/diarioregionaldigital.com.br\/index.php?rest_route=\/wp\/v2\/users\/246"}],"replies":[{"embeddable":true,"href":"https:\/\/diarioregionaldigital.com.br\/index.php?rest_route=%2Fwp%2Fv2%2Fcomments&post=199539"}],"version-history":[{"count":2,"href":"https:\/\/diarioregionaldigital.com.br\/index.php?rest_route=\/wp\/v2\/posts\/199539\/revisions"}],"predecessor-version":[{"id":199542,"href":"https:\/\/diarioregionaldigital.com.br\/index.php?rest_route=\/wp\/v2\/posts\/199539\/revisions\/199542"}],"wp:featuredmedia":[{"embeddable":true,"href":"https:\/\/diarioregionaldigital.com.br\/index.php?rest_route=\/wp\/v2\/media\/199540"}],"wp:attachment":[{"href":"https:\/\/diarioregionaldigital.com.br\/index.php?rest_route=%2Fwp%2Fv2%2Fmedia&parent=199539"}],"wp:term":[{"taxonomy":"category","embeddable":true,"href":"https:\/\/diarioregionaldigital.com.br\/index.php?rest_route=%2Fwp%2Fv2%2Fcategories&post=199539"},{"taxonomy":"post_tag","embeddable":true,"href":"https:\/\/diarioregionaldigital.com.br\/index.php?rest_route=%2Fwp%2Fv2%2Ftags&post=199539"}],"curies":[{"name":"wp","href":"https:\/\/api.w.org\/{rel}","templated":true}]}}