{"id":199533,"date":"2022-05-27T12:22:47","date_gmt":"2022-05-27T15:22:47","guid":{"rendered":"https:\/\/diarioregionaldigital.com.br\/?p=199533"},"modified":"2022-05-27T12:22:47","modified_gmt":"2022-05-27T15:22:47","slug":"em-acao-rapida-policia-militar-prende-autores-de-roubo-no-centro","status":"publish","type":"post","link":"https:\/\/diarioregionaldigital.com.br\/?p=199533","title":{"rendered":"Em a\u00e7\u00e3o r\u00e1pida, Pol\u00edcia Militar prende autores de roubo no Centro"},"content":{"rendered":"<p>No dia 27mai22 por volta das 03h32min, durante patrulhamento da Pol\u00edcia Militar pela regi\u00e3o central tr\u00eas indiv\u00edduos foram visualizados dividindo materiais que estavam numa mochila, de modo suspeito. Ao perceber a presen\u00e7a policial tentaram evadir, tendo sido dois abordados, procedida a busca, n\u00e3o informaram a origem dos materiais. Simult\u00e2nea a abordagem um homem de 36 anos, deu entrada no Posto Policial, ele havia acabado de ser roubado na Rua Roberto de Barros no Centro. Tendo a v\u00edtima reconhecido os autores (19 e 31 anos) eles foram presos e os materiais (Mochila, celular e canetas) recuperados. Durante a a\u00e7\u00e3o criminosa os autores usaram de faca e uma garrafa quebrada para amea\u00e7ar a v\u00edtima.<\/p>\n","protected":false},"excerpt":{"rendered":"<p>No dia 27mai22 por volta das 03h32min, durante patrulhamento da Pol\u00edcia Militar pela regi\u00e3o central tr\u00eas indiv\u00edduos foram visualizados dividindo materiais que estavam numa mochila, de modo suspeito. Ao perceber a presen\u00e7a policial tentaram evadir, tendo sido dois abordados, procedida a busca, n\u00e3o informaram a origem dos materiais. Simult\u00e2nea a abordagem um homem de 36 [&hellip;]<\/p>\n","protected":false},"author":246,"featured_media":199534,"comment_status":"closed","ping_status":"closed","sticky":false,"template":"","format":"standard","meta":{"footnotes":""},"categories":[301,439],"tags":[],"class_list":["post-199533","post","type-post","status-publish","format-standard","has-post-thumbnail","hentry","category-artigos-policiais","category-ultima-hora"],"_links":{"self":[{"href":"https:\/\/diarioregionaldigital.com.br\/index.php?rest_route=\/wp\/v2\/posts\/199533","targetHints":{"allow":["GET"]}}],"collection":[{"href":"https:\/\/diarioregionaldigital.com.br\/index.php?rest_route=\/wp\/v2\/posts"}],"about":[{"href":"https:\/\/diarioregionaldigital.com.br\/index.php?rest_route=\/wp\/v2\/types\/post"}],"author":[{"embeddable":true,"href":"https:\/\/diarioregionaldigital.com.br\/index.php?rest_route=\/wp\/v2\/users\/246"}],"replies":[{"embeddable":true,"href":"https:\/\/diarioregionaldigital.com.br\/index.php?rest_route=%2Fwp%2Fv2%2Fcomments&post=199533"}],"version-history":[{"count":1,"href":"https:\/\/diarioregionaldigital.com.br\/index.php?rest_route=\/wp\/v2\/posts\/199533\/revisions"}],"predecessor-version":[{"id":199535,"href":"https:\/\/diarioregionaldigital.com.br\/index.php?rest_route=\/wp\/v2\/posts\/199533\/revisions\/199535"}],"wp:featuredmedia":[{"embeddable":true,"href":"https:\/\/diarioregionaldigital.com.br\/index.php?rest_route=\/wp\/v2\/media\/199534"}],"wp:attachment":[{"href":"https:\/\/diarioregionaldigital.com.br\/index.php?rest_route=%2Fwp%2Fv2%2Fmedia&parent=199533"}],"wp:term":[{"taxonomy":"category","embeddable":true,"href":"https:\/\/diarioregionaldigital.com.br\/index.php?rest_route=%2Fwp%2Fv2%2Fcategories&post=199533"},{"taxonomy":"post_tag","embeddable":true,"href":"https:\/\/diarioregionaldigital.com.br\/index.php?rest_route=%2Fwp%2Fv2%2Ftags&post=199533"}],"curies":[{"name":"wp","href":"https:\/\/api.w.org\/{rel}","templated":true}]}}